{"id":135691,"date":"2025-08-15T11:23:04","date_gmt":"2025-08-15T14:23:04","guid":{"rendered":"https:\/\/onordeste.com.br\/?p=135629"},"modified":"2025-08-15T11:23:04","modified_gmt":"2025-08-15T14:23:04","slug":"pis-pasep-e-pago-a-trabalhadores","status":"publish","type":"post","link":"https:\/\/iparaiba.com.br\/index.php\/2025\/08\/15\/pis-pasep-e-pago-a-trabalhadores\/","title":{"rendered":"PIS\/Pasep \u00e9 pago a trabalhadores"},"content":{"rendered":"<p>Os trabalhadores com carteira assinada nascidos em novembro e dezembro, que ganham at\u00e9 dois sal\u00e1rios m\u00ednimos, podem sacar o valor do abono salarial PIS\/Pasep a partir desta sexta-feira (15). O valor \u00e9 referente ao ano-base 2023. Esse \u00e9 o \u00faltimo lote de pagamento.<\/p>\n<p>O calend\u00e1rio de pagamentos segue o m\u00eas de nascimento do trabalhador. Os dep\u00f3sitos come\u00e7aram em 17 de fevereiro. O trabalhador pode conferir a situa\u00e7\u00e3o do benef\u00edcio no aplicativo Carteira de Trabalho Digital.<\/p>\n<p>O PIS \u00e9 pago pela Caixa Econ\u00f4mica Federal e o Pasep, pelo Banco do Brasil. Como ocorre tradicionalmente, os pagamentos ser\u00e3o divididos em seis lotes, baseados no m\u00eas de nascimento. O saque iniciar\u00e1 nas datas de libera\u00e7\u00e3o dos lotes e acabar\u00e3o em 29 de dezembro de 2025. Ap\u00f3s esse prazo, ser\u00e1 necess\u00e1rio aguardar convoca\u00e7\u00e3o especial do Minist\u00e9rio do Trabalho.<\/p>\n<p><strong>Quem tem direito<\/strong><\/p>\n<p>Tem direito ao benef\u00edcio o trabalhador inscrito no PIS\/Pasep h\u00e1, pelo menos, cinco anos, e que tenha trabalhado formalmente por, no m\u00ednimo, 30 dias no ano-base considerado para a apura\u00e7\u00e3o, com remunera\u00e7\u00e3o mensal m\u00e9dia de at\u00e9 dois sal\u00e1rios m\u00ednimos. Tamb\u00e9m \u00e9 necess\u00e1rio que os dados tenham sido informados corretamente pelo empregador na Rela\u00e7\u00e3o Anual de Informa\u00e7\u00f5es Sociais (Rais).<\/p>\n<p>O valor do abono \u00e9 proporcional ao per\u00edodo em que o empregado trabalhou com carteira assinada em 2023. Cada m\u00eas trabalhado equivale a um benef\u00edcio de R$ 126,50, com per\u00edodos iguais ou superiores a 15 dias contados como m\u00eas cheio. Quem trabalhou 12 meses com carteira assinada receber\u00e1 o sal\u00e1rio m\u00ednimo cheio, de R$ 1.518.<\/p>\n","protected":false},"excerpt":{"rendered":"<p>Os trabalhadores com carteira assinada nascidos em novembro e dezembro, que ganham at\u00e9 dois sal\u00e1rios m\u00ednimos, podem sacar o valor do abono salarial PIS\/Pasep a partir desta sexta-feira (15). O valor \u00e9 referente ao ano-base 2023. Esse \u00e9 o \u00faltimo lote de pagamento. O calend\u00e1rio de pagamentos segue o m\u00eas de nascimento do trabalhador. Os &hellip;<\/p>\n","protected":false},"author":1,"featured_media":99691,"comment_status":"open","ping_status":"open","sticky":false,"template":"","format":"standard","meta":{"footnotes":""},"categories":[18],"tags":[],"class_list":["post-135691","post","type-post","status-publish","format-standard","has-post-thumbnail","hentry","category-brasil"],"_links":{"self":[{"href":"https:\/\/iparaiba.com.br\/index.php\/wp-json\/wp\/v2\/posts\/135691","targetHints":{"allow":["GET"]}}],"collection":[{"href":"https:\/\/iparaiba.com.br\/index.php\/wp-json\/wp\/v2\/posts"}],"about":[{"href":"https:\/\/iparaiba.com.br\/index.php\/wp-json\/wp\/v2\/types\/post"}],"author":[{"embeddable":true,"href":"https:\/\/iparaiba.com.br\/index.php\/wp-json\/wp\/v2\/users\/1"}],"replies":[{"embeddable":true,"href":"https:\/\/iparaiba.com.br\/index.php\/wp-json\/wp\/v2\/comments?post=135691"}],"version-history":[{"count":0,"href":"https:\/\/iparaiba.com.br\/index.php\/wp-json\/wp\/v2\/posts\/135691\/revisions"}],"wp:featuredmedia":[{"embeddable":true,"href":"https:\/\/iparaiba.com.br\/index.php\/wp-json\/wp\/v2\/media\/99691"}],"wp:attachment":[{"href":"https:\/\/iparaiba.com.br\/index.php\/wp-json\/wp\/v2\/media?parent=135691"}],"wp:term":[{"taxonomy":"category","embeddable":true,"href":"https:\/\/iparaiba.com.br\/index.php\/wp-json\/wp\/v2\/categories?post=135691"},{"taxonomy":"post_tag","embeddable":true,"href":"https:\/\/iparaiba.com.br\/index.php\/wp-json\/wp\/v2\/tags?post=135691"}],"curies":[{"name":"wp","href":"https:\/\/api.w.org\/{rel}","templated":true}]}}