{"id":135688,"date":"2025-08-18T16:19:55","date_gmt":"2025-08-18T19:19:55","guid":{"rendered":"https:\/\/onordeste.com.br\/?p=135688"},"modified":"2025-08-18T16:19:55","modified_gmt":"2025-08-18T19:19:55","slug":"pf-apreende-18-tonelada-de-maconha-em-onibus","status":"publish","type":"post","link":"https:\/\/iparaiba.com.br\/index.php\/2025\/08\/18\/pf-apreende-18-tonelada-de-maconha-em-onibus\/","title":{"rendered":"PF apreende 1,8 tonelada de maconha em \u00f4nibus"},"content":{"rendered":"<p><strong>Curitiba\/PR<\/strong>. A Pol\u00edcia Federal apreendeu 1.853 kg de maconha durante a\u00e7\u00e3o contra o tr\u00e1fico de entorpecentes em Campo Largo\/PR.<\/p>\n<p>A droga foi localizada em um compartimento oculto de um \u00f4nibus que transportava 21 passageiros paraguaios. O ve\u00edculo havia partido de Foz do Igua\u00e7u\/PR com destino a Blumenau\/SC, segundo os ocupantes, para a realiza\u00e7\u00e3o de compras.<\/p>\n<p>Para acessar o esconderijo dos entorpecentes, foi necess\u00e1rio o apoio do Corpo de Bombeiros, que realizou o corte da lataria do ve\u00edculo, permitindo a retirada da carga il\u00edcita.<\/p>\n<p>Dois motoristas foram presos em flagrante e conduzidos \u00e0 Superintend\u00eancia da PF em Curitiba, onde permanecem \u00e0 disposi\u00e7\u00e3o da Justi\u00e7a. A abordagem ocorreu por volta das 15h30, pela pr\u00f3pria PF, e contou com a participa\u00e7\u00e3o de policiais federais especializados no combate ao tr\u00e1fico de drogas.<\/p>\n<p>A a\u00e7\u00e3o foi resultado de um trabalho conjunto entre a Pol\u00edcia Federal e a Secretaria Nacional Antidrogas (SENAD) do Paraguai, refor\u00e7ando a coopera\u00e7\u00e3o internacional no combate ao tr\u00e1fico de drogas na regi\u00e3o de fronteira.<\/p>\n<p><em>Comunica\u00e7\u00e3o Social da Pol\u00edcia Federal no Paran\u00e1<\/em><\/p>\n","protected":false},"excerpt":{"rendered":"<p>Curitiba\/PR. A Pol\u00edcia Federal apreendeu 1.853 kg de maconha durante a\u00e7\u00e3o contra o tr\u00e1fico de entorpecentes em Campo Largo\/PR. A droga foi localizada em um compartimento oculto de um \u00f4nibus que transportava 21 passageiros paraguaios. O ve\u00edculo havia partido de Foz do Igua\u00e7u\/PR com destino a Blumenau\/SC, segundo os ocupantes, para a realiza\u00e7\u00e3o de compras. &hellip;<\/p>\n","protected":false},"author":1,"featured_media":134038,"comment_status":"open","ping_status":"open","sticky":false,"template":"","format":"standard","meta":{"footnotes":""},"categories":[13],"tags":[],"class_list":["post-135688","post","type-post","status-publish","format-standard","has-post-thumbnail","hentry","category-policial"],"_links":{"self":[{"href":"https:\/\/iparaiba.com.br\/index.php\/wp-json\/wp\/v2\/posts\/135688","targetHints":{"allow":["GET"]}}],"collection":[{"href":"https:\/\/iparaiba.com.br\/index.php\/wp-json\/wp\/v2\/posts"}],"about":[{"href":"https:\/\/iparaiba.com.br\/index.php\/wp-json\/wp\/v2\/types\/post"}],"author":[{"embeddable":true,"href":"https:\/\/iparaiba.com.br\/index.php\/wp-json\/wp\/v2\/users\/1"}],"replies":[{"embeddable":true,"href":"https:\/\/iparaiba.com.br\/index.php\/wp-json\/wp\/v2\/comments?post=135688"}],"version-history":[{"count":1,"href":"https:\/\/iparaiba.com.br\/index.php\/wp-json\/wp\/v2\/posts\/135688\/revisions"}],"predecessor-version":[{"id":135719,"href":"https:\/\/iparaiba.com.br\/index.php\/wp-json\/wp\/v2\/posts\/135688\/revisions\/135719"}],"wp:featuredmedia":[{"embeddable":true,"href":"https:\/\/iparaiba.com.br\/index.php\/wp-json\/wp\/v2\/media\/134038"}],"wp:attachment":[{"href":"https:\/\/iparaiba.com.br\/index.php\/wp-json\/wp\/v2\/media?parent=135688"}],"wp:term":[{"taxonomy":"category","embeddable":true,"href":"https:\/\/iparaiba.com.br\/index.php\/wp-json\/wp\/v2\/categories?post=135688"},{"taxonomy":"post_tag","embeddable":true,"href":"https:\/\/iparaiba.com.br\/index.php\/wp-json\/wp\/v2\/tags?post=135688"}],"curies":[{"name":"wp","href":"https:\/\/api.w.org\/{rel}","templated":true}]}}