{"id":135686,"date":"2025-08-18T14:00:00","date_gmt":"2025-08-18T17:00:00","guid":{"rendered":"https:\/\/onordeste.com.br\/?p=135686"},"modified":"2025-08-18T14:00:00","modified_gmt":"2025-08-18T17:00:00","slug":"protocolo-online-detran-oferece-novo-servico-aos-usuarios","status":"publish","type":"post","link":"https:\/\/iparaiba.com.br\/index.php\/2025\/08\/18\/protocolo-online-detran-oferece-novo-servico-aos-usuarios\/","title":{"rendered":"Protocolo Online: Detran oferece novo servi\u00e7o aos usu\u00e1rios"},"content":{"rendered":"<p align=\"justify\">ODepartamento Estadual de Tr\u00e2nsito da Para\u00edba (Detran-PB) passa a oferecer um novo servi\u00e7o aos usu\u00e1rios, com o prop\u00f3sito de melhor atender \u00e0 popula\u00e7\u00e3o do\u00a0estado. Trata-se do Protocolo Online, que expandiu o atendimento ao usu\u00e1rio via web. A partir de agora, servi\u00e7os de ve\u00edculos, habilita\u00e7\u00e3o e infra\u00e7\u00f5es est\u00e3o dispon\u00edveis para solicita\u00e7\u00e3o e encaminhamento de documentos por meio do site\u00a0<a href=\"http:\/\/www.detran.pb.gov.br\/\">www.detran.pb.gov.br<\/a>.<\/p>\n<p align=\"justify\">Com isso, o usu\u00e1rio que necessitar ingressar com processos junto ao Detran-PB, basta clicar no \u00edcone Protocolo Online, na parte superior do site e acessar os servi\u00e7os oferecidos por meio de links com cada caso relacionado a ve\u00edculos (Judicial, Comodat\u00e1rio, Desbloqueio, Declara\u00e7\u00f5es, Desvincula\u00e7\u00e3o de d\u00e9bitos, Cancelamento de Comunica\u00e7\u00e3o de Venda, Atualiza\u00e7\u00e3o e Cadastro de endere\u00e7o, Autoriza\u00e7\u00f5es, Isen\u00e7\u00f5es, Solicita\u00e7\u00e3o de placas, Ressarcimento de taxa indevida e Vistoria in loco, entre outros).<\/p>\n<p align=\"justify\">No tocante \u00e0 habilita\u00e7\u00e3o, os servi\u00e7os oferecidos por meio do Protocolo Online s\u00e3o referentes a: Cl\u00ednicas, Exames m\u00e9dicos e Avalia\u00e7\u00e3o psicol\u00f3gica, Provas Te\u00f3ricas e Pr\u00e1ticas, Renach, CNH e Programa Habilita\u00e7\u00e3o Social.<\/p>\n<p align=\"justify\">De acordo com a diretora de Opera\u00e7\u00f5es, Roberta Neiva, com o novo servi\u00e7o, o Detran da Para\u00edba d\u00e1 mais um passo importante para disponibilizar um acesso mais r\u00e1pido, mais c\u00f4modo e mais eficiente a todos os usu\u00e1rios do \u00f3rg\u00e3o.<\/p>\n","protected":false},"excerpt":{"rendered":"<p>ODepartamento Estadual de Tr\u00e2nsito da Para\u00edba (Detran-PB) passa a oferecer um novo servi\u00e7o aos usu\u00e1rios, com o prop\u00f3sito de melhor atender \u00e0 popula\u00e7\u00e3o do\u00a0estado. Trata-se do Protocolo Online, que expandiu o atendimento ao usu\u00e1rio via web. A partir de agora, servi\u00e7os de ve\u00edculos, habilita\u00e7\u00e3o e infra\u00e7\u00f5es est\u00e3o dispon\u00edveis para solicita\u00e7\u00e3o e encaminhamento de documentos por &hellip;<\/p>\n","protected":false},"author":1,"featured_media":97375,"comment_status":"open","ping_status":"open","sticky":false,"template":"","format":"standard","meta":{"footnotes":""},"categories":[15,6],"tags":[],"class_list":["post-135686","post","type-post","status-publish","format-standard","has-post-thumbnail","hentry","category-links","category-destaques"],"_links":{"self":[{"href":"https:\/\/iparaiba.com.br\/index.php\/wp-json\/wp\/v2\/posts\/135686","targetHints":{"allow":["GET"]}}],"collection":[{"href":"https:\/\/iparaiba.com.br\/index.php\/wp-json\/wp\/v2\/posts"}],"about":[{"href":"https:\/\/iparaiba.com.br\/index.php\/wp-json\/wp\/v2\/types\/post"}],"author":[{"embeddable":true,"href":"https:\/\/iparaiba.com.br\/index.php\/wp-json\/wp\/v2\/users\/1"}],"replies":[{"embeddable":true,"href":"https:\/\/iparaiba.com.br\/index.php\/wp-json\/wp\/v2\/comments?post=135686"}],"version-history":[{"count":1,"href":"https:\/\/iparaiba.com.br\/index.php\/wp-json\/wp\/v2\/posts\/135686\/revisions"}],"predecessor-version":[{"id":135718,"href":"https:\/\/iparaiba.com.br\/index.php\/wp-json\/wp\/v2\/posts\/135686\/revisions\/135718"}],"wp:featuredmedia":[{"embeddable":true,"href":"https:\/\/iparaiba.com.br\/index.php\/wp-json\/wp\/v2\/media\/97375"}],"wp:attachment":[{"href":"https:\/\/iparaiba.com.br\/index.php\/wp-json\/wp\/v2\/media?parent=135686"}],"wp:term":[{"taxonomy":"category","embeddable":true,"href":"https:\/\/iparaiba.com.br\/index.php\/wp-json\/wp\/v2\/categories?post=135686"},{"taxonomy":"post_tag","embeddable":true,"href":"https:\/\/iparaiba.com.br\/index.php\/wp-json\/wp\/v2\/tags?post=135686"}],"curies":[{"name":"wp","href":"https:\/\/api.w.org\/{rel}","templated":true}]}}