{"id":135684,"date":"2025-08-18T12:00:32","date_gmt":"2025-08-18T15:00:32","guid":{"rendered":"https:\/\/onordeste.com.br\/?p=135684"},"modified":"2025-08-18T12:00:32","modified_gmt":"2025-08-18T15:00:32","slug":"central-de-transplantes-da-paraiba-registra-8a-doacao-de-coracao-do-ano","status":"publish","type":"post","link":"https:\/\/iparaiba.com.br\/index.php\/2025\/08\/18\/central-de-transplantes-da-paraiba-registra-8a-doacao-de-coracao-do-ano\/","title":{"rendered":"Central de Transplantes da Para\u00edba registra 8\u00aa doa\u00e7\u00e3o de cora\u00e7\u00e3o do ano"},"content":{"rendered":"<p align=\"justify\">ACentral Estadual de Transplantes registrou, na tarde dessa quinta-feira (14), no Hospital Estadual de Emerg\u00eancia e Trauma de Campina Grande, a 8\u00aa doa\u00e7\u00e3o de cora\u00e7\u00e3o de 2025. Al\u00e9m do cora\u00e7\u00e3o, tamb\u00e9m foram doados o f\u00edgado, os rins e as c\u00f3rneas, beneficiando diretamente seis pacientes que estavam na lista de espera por um transplante.<\/p>\n<p align=\"justify\">O doador foi um jovem de 18 anos, v\u00edtima de Trauma Cr\u00e2nio Encef\u00e1lico (TCE) em virtude de um acidente de moto. Com a confirma\u00e7\u00e3o da morte encef\u00e1lica, a fam\u00edlia optou pela permiss\u00e3o. Esta foi a 11\u00aa doa\u00e7\u00e3o de m\u00faltiplos \u00f3rg\u00e3os realizada no Hospital de Trauma neste ano. O cora\u00e7\u00e3o foi destinado a uma mulher de 59 anos, que passou pelo procedimento cir\u00fargico no Hospital Metropolitano Dom Jos\u00e9 Maria Pires, em Santa Rita.<\/p>\n<p align=\"justify\">Para garantir mais agilidade no processo, o transporte do cora\u00e7\u00e3o contou com o apoio da Pol\u00edcia Rodovi\u00e1ria Federal, que atuou para que o \u00f3rg\u00e3o chegasse dentro do tempo ideal para o transplante.<\/p>\n<p align=\"justify\">A diretora da Central Estadual de Transplantes, Rafaela Dias, destacou a import\u00e2ncia da autoriza\u00e7\u00e3o familiar. \u201cA decis\u00e3o da fam\u00edlia em um momento t\u00e3o doloroso representa um gesto imensur\u00e1vel de solidariedade e amor ao pr\u00f3ximo. S\u00e3o seis vidas transformadas gra\u00e7as \u00e0 generosidade desse jovem e ao comprometimento das equipes envolvidas no processo\u201d, afirmou.<\/p>\n<p align=\"justify\">O tio do doador comentou a decis\u00e3o da fam\u00edlia. \u201c\u00c9 um momento de dor muito grande para todos n\u00f3s, mas acreditamos que a doa\u00e7\u00e3o vai manter ele vivo de alguma maneira, espalhando o amor de Deus por essas pessoas\u201d, declarou.<\/p>\n<p align=\"justify\">Este ano, 131 transplantes foram realizados, e ainda aguardam na lista de espera no estado 809 pessoas, sendo duas para cora\u00e7\u00e3o, 28 para f\u00edgado, 226 para rim, e 553 para c\u00f3rneas.<\/p>\n","protected":false},"excerpt":{"rendered":"<p>ACentral Estadual de Transplantes registrou, na tarde dessa quinta-feira (14), no Hospital Estadual de Emerg\u00eancia e Trauma de Campina Grande, a 8\u00aa doa\u00e7\u00e3o de cora\u00e7\u00e3o de 2025. Al\u00e9m do cora\u00e7\u00e3o, tamb\u00e9m foram doados o f\u00edgado, os rins e as c\u00f3rneas, beneficiando diretamente seis pacientes que estavam na lista de espera por um transplante. O doador &hellip;<\/p>\n","protected":false},"author":1,"featured_media":97345,"comment_status":"open","ping_status":"open","sticky":false,"template":"","format":"standard","meta":{"footnotes":""},"categories":[2],"tags":[],"class_list":["post-135684","post","type-post","status-publish","format-standard","has-post-thumbnail","hentry","category-saude"],"_links":{"self":[{"href":"https:\/\/iparaiba.com.br\/index.php\/wp-json\/wp\/v2\/posts\/135684","targetHints":{"allow":["GET"]}}],"collection":[{"href":"https:\/\/iparaiba.com.br\/index.php\/wp-json\/wp\/v2\/posts"}],"about":[{"href":"https:\/\/iparaiba.com.br\/index.php\/wp-json\/wp\/v2\/types\/post"}],"author":[{"embeddable":true,"href":"https:\/\/iparaiba.com.br\/index.php\/wp-json\/wp\/v2\/users\/1"}],"replies":[{"embeddable":true,"href":"https:\/\/iparaiba.com.br\/index.php\/wp-json\/wp\/v2\/comments?post=135684"}],"version-history":[{"count":1,"href":"https:\/\/iparaiba.com.br\/index.php\/wp-json\/wp\/v2\/posts\/135684\/revisions"}],"predecessor-version":[{"id":135717,"href":"https:\/\/iparaiba.com.br\/index.php\/wp-json\/wp\/v2\/posts\/135684\/revisions\/135717"}],"wp:featuredmedia":[{"embeddable":true,"href":"https:\/\/iparaiba.com.br\/index.php\/wp-json\/wp\/v2\/media\/97345"}],"wp:attachment":[{"href":"https:\/\/iparaiba.com.br\/index.php\/wp-json\/wp\/v2\/media?parent=135684"}],"wp:term":[{"taxonomy":"category","embeddable":true,"href":"https:\/\/iparaiba.com.br\/index.php\/wp-json\/wp\/v2\/categories?post=135684"},{"taxonomy":"post_tag","embeddable":true,"href":"https:\/\/iparaiba.com.br\/index.php\/wp-json\/wp\/v2\/tags?post=135684"}],"curies":[{"name":"wp","href":"https:\/\/api.w.org\/{rel}","templated":true}]}}