{"id":135680,"date":"2025-08-18T08:00:31","date_gmt":"2025-08-18T11:00:31","guid":{"rendered":"https:\/\/onordeste.com.br\/?p=135680"},"modified":"2025-08-18T08:00:31","modified_gmt":"2025-08-18T11:00:31","slug":"preso-homem-suspeito-de-estupro-de-vulneravel-contra-crianca-de-oito-anos","status":"publish","type":"post","link":"https:\/\/iparaiba.com.br\/index.php\/2025\/08\/18\/preso-homem-suspeito-de-estupro-de-vulneravel-contra-crianca-de-oito-anos\/","title":{"rendered":"Preso homem suspeito de estupro de vulner\u00e1vel contra crian\u00e7a de oito anos"},"content":{"rendered":"<p>A Pol\u00edcia Civil da Para\u00edba, por meio da Delegacia de Pol\u00edcia Civil de Coremas, prendeu, nessa quinta-feira (14), um homem suspeito de cometer crime de estupro de vulner\u00e1vel contra a pr\u00f3pria sobrinha, uma crian\u00e7a de oito anos de idade.<\/p>\n<p dir=\"ltr\">De acordo com as investiga\u00e7\u00f5es, a pris\u00e3o foi resultado de dilig\u00eancias que reuniram provas contundentes da pr\u00e1tica do delito, classificado como de natureza grav\u00edssima. Com base nos elementos colhidos no inqu\u00e9rito, a Justi\u00e7a expediu mandado de pris\u00e3o preventiva contra o suspeito.<\/p>\n<p dir=\"ltr\">O homem foi conduzido \u00e0 unidade prisional da regi\u00e3o, onde permanece \u00e0 disposi\u00e7\u00e3o do Poder Judici\u00e1rio. A identidade da v\u00edtima est\u00e1 preservada, conforme prev\u00ea o Estatuto da Crian\u00e7a e do Adolescente (ECA).<\/p>\n<p dir=\"ltr\">As investiga\u00e7\u00f5es seguem sob sigilo, e a Pol\u00edcia Civil da Para\u00edba reafirma o compromisso com a prote\u00e7\u00e3o integral de crian\u00e7as e adolescentes, bem como com o combate rigoroso a crimes dessa natureza.<\/p>\n","protected":false},"excerpt":{"rendered":"<p>A Pol\u00edcia Civil da Para\u00edba, por meio da Delegacia de Pol\u00edcia Civil de Coremas, prendeu, nessa quinta-feira (14), um homem suspeito de cometer crime de estupro de vulner\u00e1vel contra a pr\u00f3pria sobrinha, uma crian\u00e7a de oito anos de idade. De acordo com as investiga\u00e7\u00f5es, a pris\u00e3o foi resultado de dilig\u00eancias que reuniram provas contundentes da &hellip;<\/p>\n","protected":false},"author":1,"featured_media":104189,"comment_status":"open","ping_status":"open","sticky":false,"template":"","format":"standard","meta":{"footnotes":""},"categories":[13],"tags":[],"class_list":["post-135680","post","type-post","status-publish","format-standard","has-post-thumbnail","hentry","category-policial"],"_links":{"self":[{"href":"https:\/\/iparaiba.com.br\/index.php\/wp-json\/wp\/v2\/posts\/135680","targetHints":{"allow":["GET"]}}],"collection":[{"href":"https:\/\/iparaiba.com.br\/index.php\/wp-json\/wp\/v2\/posts"}],"about":[{"href":"https:\/\/iparaiba.com.br\/index.php\/wp-json\/wp\/v2\/types\/post"}],"author":[{"embeddable":true,"href":"https:\/\/iparaiba.com.br\/index.php\/wp-json\/wp\/v2\/users\/1"}],"replies":[{"embeddable":true,"href":"https:\/\/iparaiba.com.br\/index.php\/wp-json\/wp\/v2\/comments?post=135680"}],"version-history":[{"count":1,"href":"https:\/\/iparaiba.com.br\/index.php\/wp-json\/wp\/v2\/posts\/135680\/revisions"}],"predecessor-version":[{"id":135715,"href":"https:\/\/iparaiba.com.br\/index.php\/wp-json\/wp\/v2\/posts\/135680\/revisions\/135715"}],"wp:featuredmedia":[{"embeddable":true,"href":"https:\/\/iparaiba.com.br\/index.php\/wp-json\/wp\/v2\/media\/104189"}],"wp:attachment":[{"href":"https:\/\/iparaiba.com.br\/index.php\/wp-json\/wp\/v2\/media?parent=135680"}],"wp:term":[{"taxonomy":"category","embeddable":true,"href":"https:\/\/iparaiba.com.br\/index.php\/wp-json\/wp\/v2\/categories?post=135680"},{"taxonomy":"post_tag","embeddable":true,"href":"https:\/\/iparaiba.com.br\/index.php\/wp-json\/wp\/v2\/tags?post=135680"}],"curies":[{"name":"wp","href":"https:\/\/api.w.org\/{rel}","templated":true}]}}