{"id":135678,"date":"2025-08-15T12:12:06","date_gmt":"2025-08-15T15:12:06","guid":{"rendered":"https:\/\/onordeste.com.br\/?p=135678"},"modified":"2025-08-15T12:12:06","modified_gmt":"2025-08-15T15:12:06","slug":"mestrado-da-ufcg-abre-selecao","status":"publish","type":"post","link":"https:\/\/iparaiba.com.br\/index.php\/2025\/08\/15\/mestrado-da-ufcg-abre-selecao\/","title":{"rendered":"Mestrado da UFCG abre sele\u00e7\u00e3o"},"content":{"rendered":"<p>A Universidade Federal de Campina Grande (UFCG) publicou edital de sele\u00e7\u00e3o para candidatos interessados em ingressar no Programa de P\u00f3s-Gradua\u00e7\u00e3o em Educa\u00e7\u00e3o (PPGEd).<\/p>\n<p>No total, s\u00e3o ofertadas 32 vagas, distribu\u00eddas entre ampla concorr\u00eancia e cotas.<\/p>\n<p>O programa tem atua\u00e7\u00e3o nas seguintes linhas de pesquisa: Hist\u00f3ria, Pol\u00edtica e Gest\u00e3o Educacionais e Pr\u00e1ticas Educativas e Diversidade.<\/p>\n<p>Para concorrer \u00e9 necess\u00e1rio possuir diploma em curso de n\u00edvel superior at\u00e9 o \u00faltimo dia de matr\u00edcula do per\u00edodo de 2026.1, de acordo com o calend\u00e1rio acad\u00eamico do PPGEd.<\/p>\n<p>As inscri\u00e7\u00f5es ser\u00e3o realizadas atrav\u00e9s do envio de toda a documenta\u00e7\u00e3o listada no edital, digitalizada em formato PDF, atrav\u00e9s do formul\u00e1rio eletr\u00f4nico dispon\u00edvel na p\u00e1gina do PPGEd, no per\u00edodo de 19 de agosto a 5 de setembro.<\/p>\n<p>A sele\u00e7\u00e3o ser\u00e1 feita em tr\u00eas etapas: prova escrita, a ser realizada no dia 26 de setembro; an\u00e1lise de anteprojeto; e entrevista, baseada no anteprojeto de pesquisa e na trajet\u00f3ria acad\u00eamica e profissional apresentada no Curr\u00edculo Lattes.<\/p>\n<p>O resultado final ser\u00e1 publicado \u00e0s 17h do dia 11 de dezembro.<\/p>\n<p>Confira\u00a0<a href=\"https:\/\/prpg.ufcg.edu.br\/arquivos\/editais\/2025\/edital-46-prpg.pdf\">aqui<\/a>\u00a0o edital.<\/p>\n","protected":false},"excerpt":{"rendered":"<p>A Universidade Federal de Campina Grande (UFCG) publicou edital de sele\u00e7\u00e3o para candidatos interessados em ingressar no Programa de P\u00f3s-Gradua\u00e7\u00e3o em Educa\u00e7\u00e3o (PPGEd). No total, s\u00e3o ofertadas 32 vagas, distribu\u00eddas entre ampla concorr\u00eancia e cotas. O programa tem atua\u00e7\u00e3o nas seguintes linhas de pesquisa: Hist\u00f3ria, Pol\u00edtica e Gest\u00e3o Educacionais e Pr\u00e1ticas Educativas e Diversidade. Para &hellip;<\/p>\n","protected":false},"author":1,"featured_media":97670,"comment_status":"open","ping_status":"open","sticky":false,"template":"","format":"standard","meta":{"footnotes":""},"categories":[11],"tags":[],"class_list":["post-135678","post","type-post","status-publish","format-standard","has-post-thumbnail","hentry","category-educacao"],"_links":{"self":[{"href":"https:\/\/iparaiba.com.br\/index.php\/wp-json\/wp\/v2\/posts\/135678","targetHints":{"allow":["GET"]}}],"collection":[{"href":"https:\/\/iparaiba.com.br\/index.php\/wp-json\/wp\/v2\/posts"}],"about":[{"href":"https:\/\/iparaiba.com.br\/index.php\/wp-json\/wp\/v2\/types\/post"}],"author":[{"embeddable":true,"href":"https:\/\/iparaiba.com.br\/index.php\/wp-json\/wp\/v2\/users\/1"}],"replies":[{"embeddable":true,"href":"https:\/\/iparaiba.com.br\/index.php\/wp-json\/wp\/v2\/comments?post=135678"}],"version-history":[{"count":0,"href":"https:\/\/iparaiba.com.br\/index.php\/wp-json\/wp\/v2\/posts\/135678\/revisions"}],"wp:featuredmedia":[{"embeddable":true,"href":"https:\/\/iparaiba.com.br\/index.php\/wp-json\/wp\/v2\/media\/97670"}],"wp:attachment":[{"href":"https:\/\/iparaiba.com.br\/index.php\/wp-json\/wp\/v2\/media?parent=135678"}],"wp:term":[{"taxonomy":"category","embeddable":true,"href":"https:\/\/iparaiba.com.br\/index.php\/wp-json\/wp\/v2\/categories?post=135678"},{"taxonomy":"post_tag","embeddable":true,"href":"https:\/\/iparaiba.com.br\/index.php\/wp-json\/wp\/v2\/tags?post=135678"}],"curies":[{"name":"wp","href":"https:\/\/api.w.org\/{rel}","templated":true}]}}