{"id":135676,"date":"2025-08-18T06:08:18","date_gmt":"2025-08-18T09:08:18","guid":{"rendered":"https:\/\/onordeste.com.br\/?p=135676"},"modified":"2025-08-18T06:08:18","modified_gmt":"2025-08-18T09:08:18","slug":"policia-civil-captura-em-sao-paulo-condenado-por-latrocinio","status":"publish","type":"post","link":"https:\/\/iparaiba.com.br\/index.php\/2025\/08\/18\/policia-civil-captura-em-sao-paulo-condenado-por-latrocinio\/","title":{"rendered":"Pol\u00edcia Civil captura em S\u00e3o Paulo condenado por latroc\u00ednio"},"content":{"rendered":"<p dir=\"ltr\">A Pol\u00edcia Civil da Para\u00edba, por meio da 12\u00aa Delegacia Seccional de Pol\u00edcia Civil (DSPC), representada pelo Grupo T\u00e1tico Especial (GTE) e pela Delegacia de Homic\u00eddios de Campina Grande, em a\u00e7\u00e3o conjunta com a Divis\u00e3o de Homic\u00eddios da 1\u00aa Delegacia de Repress\u00e3o a Homic\u00eddios da Pol\u00edcia Civil de S\u00e3o Paulo, prendeu, nessa quinta-feira (14), na cidade de Cotia-SP, um homem condenado a 24 anos de reclus\u00e3o pelo crime de latroc\u00ednio.<\/p>\n<p dir=\"ltr\">O crime ocorreu no dia 28 de outubro de 2009, no s\u00edtio S\u00e3o Tom\u00e9, zona rural de Alagoa Nova-PB, quando o condenado, junto a um comparsa, invadiu a resid\u00eancia de um agricultor, efetuou disparos de arma de fogo, subtraiu bens e provocou a morte da v\u00edtima. A a\u00e7\u00e3o teve ampla repercuss\u00e3o na \u00e9poca.<\/p>\n<p dir=\"ltr\">Ap\u00f3s investiga\u00e7\u00f5es e cruzamento de informa\u00e7\u00f5es, foi confirmada a localiza\u00e7\u00e3o exata do foragido, que estava em fuga desde a expedi\u00e7\u00e3o do mandado de pris\u00e3o, h\u00e1 15 anos. Com a identidade confirmada, equipes da Pol\u00edcia Civil de S\u00e3o Paulo cumpriram o mandado e conduziram o preso \u00e0 delegacia para as provid\u00eancias legais.<\/p>\n<p dir=\"ltr\">O condenado permanece \u00e0 disposi\u00e7\u00e3o da Justi\u00e7a. A Pol\u00edcia Civil da Para\u00edba reafirma o compromisso com a integra\u00e7\u00e3o entre for\u00e7as policiais e a efetiva responsabiliza\u00e7\u00e3o de criminosos, mesmo ap\u00f3s anos de tentativas de ocultar o paradeiro.<\/p>\n","protected":false},"excerpt":{"rendered":"<p>A Pol\u00edcia Civil da Para\u00edba, por meio da 12\u00aa Delegacia Seccional de Pol\u00edcia Civil (DSPC), representada pelo Grupo T\u00e1tico Especial (GTE) e pela Delegacia de Homic\u00eddios de Campina Grande, em a\u00e7\u00e3o conjunta com a Divis\u00e3o de Homic\u00eddios da 1\u00aa Delegacia de Repress\u00e3o a Homic\u00eddios da Pol\u00edcia Civil de S\u00e3o Paulo, prendeu, nessa quinta-feira (14), na &hellip;<\/p>\n","protected":false},"author":1,"featured_media":119197,"comment_status":"open","ping_status":"open","sticky":false,"template":"","format":"standard","meta":{"footnotes":""},"categories":[13],"tags":[],"class_list":["post-135676","post","type-post","status-publish","format-standard","has-post-thumbnail","hentry","category-policial"],"_links":{"self":[{"href":"https:\/\/iparaiba.com.br\/index.php\/wp-json\/wp\/v2\/posts\/135676","targetHints":{"allow":["GET"]}}],"collection":[{"href":"https:\/\/iparaiba.com.br\/index.php\/wp-json\/wp\/v2\/posts"}],"about":[{"href":"https:\/\/iparaiba.com.br\/index.php\/wp-json\/wp\/v2\/types\/post"}],"author":[{"embeddable":true,"href":"https:\/\/iparaiba.com.br\/index.php\/wp-json\/wp\/v2\/users\/1"}],"replies":[{"embeddable":true,"href":"https:\/\/iparaiba.com.br\/index.php\/wp-json\/wp\/v2\/comments?post=135676"}],"version-history":[{"count":1,"href":"https:\/\/iparaiba.com.br\/index.php\/wp-json\/wp\/v2\/posts\/135676\/revisions"}],"predecessor-version":[{"id":135714,"href":"https:\/\/iparaiba.com.br\/index.php\/wp-json\/wp\/v2\/posts\/135676\/revisions\/135714"}],"wp:featuredmedia":[{"embeddable":true,"href":"https:\/\/iparaiba.com.br\/index.php\/wp-json\/wp\/v2\/media\/119197"}],"wp:attachment":[{"href":"https:\/\/iparaiba.com.br\/index.php\/wp-json\/wp\/v2\/media?parent=135676"}],"wp:term":[{"taxonomy":"category","embeddable":true,"href":"https:\/\/iparaiba.com.br\/index.php\/wp-json\/wp\/v2\/categories?post=135676"},{"taxonomy":"post_tag","embeddable":true,"href":"https:\/\/iparaiba.com.br\/index.php\/wp-json\/wp\/v2\/tags?post=135676"}],"curies":[{"name":"wp","href":"https:\/\/api.w.org\/{rel}","templated":true}]}}