{"id":135672,"date":"2025-08-17T16:05:34","date_gmt":"2025-08-17T19:05:34","guid":{"rendered":"https:\/\/onordeste.com.br\/?p=135672"},"modified":"2025-08-17T16:05:34","modified_gmt":"2025-08-17T19:05:34","slug":"pacientes-do-sus-comecam-a-ser-atendidos-por-planos-de-saude","status":"publish","type":"post","link":"https:\/\/iparaiba.com.br\/index.php\/2025\/08\/17\/pacientes-do-sus-comecam-a-ser-atendidos-por-planos-de-saude\/","title":{"rendered":"Pacientes do SUS come\u00e7am a ser atendidos por planos de sa\u00fade"},"content":{"rendered":"<p><span data-contrast=\"auto\">O Governo Federal, junto com a prefeitura de Recife, realiza os primeiros atendimentos de pacientes do\u00a0<a href=\"https:\/\/www.gov.br\/saude\/pt-br\/sus\" data-tippreview-enabled=\"false\" data-tippreview-image=\"\" data-tippreview-title=\"\">SUS<\/a>\u00a0por uma operadora de plano de sa\u00fad<\/span><span data-contrast=\"auto\">e. S\u00e3o oito pacientes que come\u00e7am nesta semana, na capital pernambucana, a fazer exames e cirurgias nos hospital Ariano Suassuna, unidade da Hapvida,\u00a0 operadora privada. A medida faz parte do\u00a0<a href=\"https:\/\/www.gov.br\/saude\/pt-br\/composicao\/saes\/agora-tem-especialistas\" data-tippreview-enabled=\"false\" data-tippreview-image=\"\" data-tippreview-title=\"\">A<\/a><\/span><span data-contrast=\"auto\"><a href=\"https:\/\/www.gov.br\/saude\/pt-br\/composicao\/saes\/agora-tem-especialistas\" data-tippreview-enabled=\"false\" data-tippreview-image=\"\" data-tippreview-title=\"\">gora Tem Especialistas<\/a>, programa do Minist\u00e9rio da Sa\u00fade para ampliar a assist\u00eancia especializada e reduzir o tempo de espera no SUS.\u00a0<\/span><span data-ccp-props=\"{&quot;335551550&quot;:6,&quot;335551620&quot;:6,&quot;335559738&quot;:240,&quot;335559739&quot;:240}\">\u00a0<\/span><\/p>\n<p><span data-contrast=\"auto\">Um dos mecanismos inovadores do Agora Tem Especialistas para ampliar a oferta de consultas, exames e cirurgias \u00e9 a troca de d\u00edvidas de ressarcimento ao SUS dos planos de sa\u00fade por atendimento a pacientes. Sem gerar custo adicional para a rede p\u00fablica, a a\u00e7\u00e3o prev\u00ea a convers\u00e3o de at\u00e9 R$ 1,3 bilh\u00e3o por ano dessas d\u00edvidas de todas as operadoras em atendimento especializado, conforme a demanda apresentada pelos estados e munic\u00edpios.\u00a0A Hapvida \u00e9 a primeira operadora de plano de sa\u00fade a aderir \u00e0 iniciativa.<\/span><span data-ccp-props=\"{&quot;335551550&quot;:6,&quot;335551620&quot;:6,&quot;335559738&quot;:240,&quot;335559739&quot;:240}\">\u00a0<\/span><\/p>\n<p><span data-contrast=\"auto\">\u00c9 a primeira vez que o Governo Federal mobiliza a estrutura dos planos de sa\u00fade para levar mais atendimento \u00e0 popula\u00e7\u00e3o pelo SUS. O presidente da Rep\u00fablica, Luiz In\u00e1cio Lula da Silva, e o ministro da Sa\u00fade, Alexandre Padilha, acompanharam o in\u00edcio do atendimento desses pacientes neta quinta-feira (14\/08), em Recife, momento hist\u00f3rico para o SUS e para a popula\u00e7\u00e3o brasileira.\u00a0<\/span><span data-ccp-props=\"{&quot;335551550&quot;:6,&quot;335551620&quot;:6,&quot;335559738&quot;:240,&quot;335559739&quot;:240}\">\u00a0<\/span><\/p>\n<p><span data-ccp-props=\"{&quot;335551550&quot;:6,&quot;335551620&quot;:6,&quot;335559738&quot;:240,&quot;335559739&quot;:240}\">\u201cUm marco hist\u00f3rico que vamos acompanhar e que o presidente Lula vai presenciar \u00e9 o primeiro paciente do SUS que ser\u00e1 tratado dentro de um hospital de plano de sa\u00fade. Por meio do programa Agora Tem Especialistas, mecanismo criado pela medida provis\u00f3ria do presidente Lula, n\u00f3s estamos trocando d\u00edvidas que planos de sa\u00fade tinham com o SUS &#8211; e que nunca eram pagas &#8211; em mais cirurgias, mais atendimentos e mais exames, como resson\u00e2ncia e tomografia\u201d, explicou o ministro da Sa\u00fade Alexandre Padilha.<br \/>\n<\/span><\/p>\n<p><span data-contrast=\"auto\">As d\u00edvidas de ressarcimento ao SUS s\u00e3o geradas quando a rede p\u00fablica realiza procedimentos que deveriam ser feitos pelos planos de sa\u00fade contratados. O m\u00ednimo de oferta de servi\u00e7os previsto na ades\u00e3o de operadoras de planos de sa\u00fade \u00e9 R$ 100 mil por m\u00eas.<\/span><span data-contrast=\"auto\">\u00a0Para planos de sa\u00fade de menor porte, o valor pode cair para R$ 50 mil por m\u00eas.\u00a0<\/span><span data-contrast=\"auto\">Isso ocorrer\u00e1 no caso de atendimentos de m\u00e9dia e baixa complexidade realizados em regi\u00f5es cuja demanda por esse tipo de servi\u00e7o n\u00e3o seja plenamente atendida.\u00a0<\/span><span data-contrast=\"auto\">\u00a0<\/span><span data-ccp-props=\"{&quot;134233117&quot;:true,&quot;134233118&quot;:true,&quot;201341983&quot;:0,&quot;335551550&quot;:6,&quot;335551620&quot;:6,&quot;335559740&quot;:240}\">\u00a0<\/span><\/p>\n<p><span data-contrast=\"auto\">A oferta de servi\u00e7os deve atender \u00e0s prioridades do Agora Tem Especialistas em seis \u00e1reas priorit\u00e1rias &#8211; oncologia, ginecologia, cardiologia, ortopedia, oftalmologia e otorrinolaringologia e mais de 1,2 mil cirurgias\u00a0&#8211; e as demandas apontadas pelos estados e munic\u00edpios, respons\u00e1veis pela regula\u00e7\u00e3o dos pacientes do SUS.\u00a0<\/span><span data-ccp-props=\"{&quot;134233117&quot;:true,&quot;134233118&quot;:true,&quot;201341983&quot;:0,&quot;335551550&quot;:6,&quot;335551620&quot;:6,&quot;335559740&quot;:240}\">\u00a0<\/span><\/p>\n<p><span data-contrast=\"auto\">O Hospital Ariano Suassuna faz parte do complexo hospitalar da Hapvida, considerada a maior operadora de planos de sa\u00fade da Am\u00e9rica Latina, com unidades pr\u00f3prias nas cindo regi\u00f5es do pa\u00eds.\u00a0<\/span><span data-ccp-props=\"{&quot;134233117&quot;:true,&quot;134233118&quot;:true,&quot;201341983&quot;:0,&quot;335551550&quot;:6,&quot;335551620&quot;:6,&quot;335559740&quot;:240}\">\u00a0<\/span><\/p>\n<h3><strong><span data-contrast=\"auto\">Cirurgias, exames de tomografia, resson\u00e2ncia<\/span><\/strong><\/h3>\n<p><span data-contrast=\"auto\">Os oito pacientes &#8211; uma crian\u00e7a de oito anos, cinco mulheres e dois homens entre 23\u00a0 e 67 anos &#8211;\u00a0 far\u00e3o quatro procedimentos diferentes. Duas cirurgias de artroplastia de quadril para coloca\u00e7\u00e3o de pr\u00f3teses, duas cirurgias de ves\u00edcula, duas tomografias e duas resson\u00e2ncias magn\u00e9ticas.\u00a0<\/span><span data-ccp-props=\"{&quot;134233117&quot;:false,&quot;134233118&quot;:false,&quot;201341983&quot;:0,&quot;335551550&quot;:6,&quot;335551620&quot;:6,&quot;335559685&quot;:0,&quot;335559737&quot;:0,&quot;335559738&quot;:240,&quot;335559739&quot;:240,&quot;335559740&quot;:259}\">\u00a0<\/span><\/p>\n<p><span data-contrast=\"auto\">Uma das pacientes beneficiadas pela iniciativa do Agora Tem Especialistas \u00e9 empregada dom\u00e9stica Marilete Augusto Val\u00e9rio Santos, de 67 anos. Moradora da capital de Pernambuco, ela falou da emo\u00e7\u00e3o quando descobriu que a resson\u00e2ncia magn\u00e9tica para investiga\u00e7\u00e3o de dores no quadril estava agendada. &#8220;Fazia tr\u00eas meses que eu esperava esse exame. Quando disseram que era amanh\u00e3, eu respondi: \u2018pode ser qualquer dia, qualquer hora!\u2019\u201d, contou.\u00a0<\/span><span data-ccp-props=\"{&quot;335551550&quot;:6,&quot;335551620&quot;:6,&quot;335559738&quot;:240,&quot;335559739&quot;:240}\">\u00a0<\/span><\/p>\n<p><a class=\"materia-original\" href=\"https:\/\/www.gov.br\/saude\/pt-br\/assuntos\/noticias\/2025\/agosto\/pacientes-do-sus-comecam-a-ser-atendidos-por-planos-de-saude-em-iniciativa-pioneira-do-agora-tem-especialistas\" target=\"_blank\" rel=\"noopener\">Link: https:\/\/www.gov.br\/saude\/pt-br\/assuntos\/noticias\/2025\/agosto\/pacientes-do-sus-comecam-a-ser-atendidos-por-planos-de-saude-em-iniciativa-pioneira-do-agora-tem-especialistas<\/a><\/p>\n","protected":false},"excerpt":{"rendered":"<p>O Governo Federal, junto com a prefeitura de Recife, realiza os primeiros atendimentos de pacientes do\u00a0SUS\u00a0por uma operadora de plano de sa\u00fade. S\u00e3o oito pacientes que come\u00e7am nesta semana, na capital pernambucana, a fazer exames e cirurgias nos hospital Ariano Suassuna, unidade da Hapvida,\u00a0 operadora privada. A medida faz parte do\u00a0Agora Tem Especialistas, programa do &hellip;<\/p>\n","protected":false},"author":1,"featured_media":97885,"comment_status":"open","ping_status":"open","sticky":false,"template":"","format":"standard","meta":{"footnotes":""},"categories":[2],"tags":[],"class_list":["post-135672","post","type-post","status-publish","format-standard","has-post-thumbnail","hentry","category-saude"],"_links":{"self":[{"href":"https:\/\/iparaiba.com.br\/index.php\/wp-json\/wp\/v2\/posts\/135672","targetHints":{"allow":["GET"]}}],"collection":[{"href":"https:\/\/iparaiba.com.br\/index.php\/wp-json\/wp\/v2\/posts"}],"about":[{"href":"https:\/\/iparaiba.com.br\/index.php\/wp-json\/wp\/v2\/types\/post"}],"author":[{"embeddable":true,"href":"https:\/\/iparaiba.com.br\/index.php\/wp-json\/wp\/v2\/users\/1"}],"replies":[{"embeddable":true,"href":"https:\/\/iparaiba.com.br\/index.php\/wp-json\/wp\/v2\/comments?post=135672"}],"version-history":[{"count":1,"href":"https:\/\/iparaiba.com.br\/index.php\/wp-json\/wp\/v2\/posts\/135672\/revisions"}],"predecessor-version":[{"id":135712,"href":"https:\/\/iparaiba.com.br\/index.php\/wp-json\/wp\/v2\/posts\/135672\/revisions\/135712"}],"wp:featuredmedia":[{"embeddable":true,"href":"https:\/\/iparaiba.com.br\/index.php\/wp-json\/wp\/v2\/media\/97885"}],"wp:attachment":[{"href":"https:\/\/iparaiba.com.br\/index.php\/wp-json\/wp\/v2\/media?parent=135672"}],"wp:term":[{"taxonomy":"category","embeddable":true,"href":"https:\/\/iparaiba.com.br\/index.php\/wp-json\/wp\/v2\/categories?post=135672"},{"taxonomy":"post_tag","embeddable":true,"href":"https:\/\/iparaiba.com.br\/index.php\/wp-json\/wp\/v2\/tags?post=135672"}],"curies":[{"name":"wp","href":"https:\/\/api.w.org\/{rel}","templated":true}]}}