{"id":135669,"date":"2025-08-17T08:00:29","date_gmt":"2025-08-17T11:00:29","guid":{"rendered":"https:\/\/onordeste.com.br\/?p=135665"},"modified":"2025-08-17T08:00:29","modified_gmt":"2025-08-17T11:00:29","slug":"comissao-aprova-projeto-que-obriga-uniao-a-implantar-ciclovias-em-trechos-de-rodovias","status":"publish","type":"post","link":"https:\/\/iparaiba.com.br\/index.php\/2025\/08\/17\/comissao-aprova-projeto-que-obriga-uniao-a-implantar-ciclovias-em-trechos-de-rodovias\/","title":{"rendered":"Comiss\u00e3o aprova projeto que obriga Uni\u00e3o a implantar ciclovias em trechos de rodovias"},"content":{"rendered":"<p>A Comiss\u00e3o de Via\u00e7\u00e3o e Transportes da C\u00e2mara dos Deputados aprovou o Projeto de Lei 3084\/21, do Senado, que obriga a Uni\u00e3o a implantar ciclovias nos trechos de rodovias federais ou interestaduais sob sua responsabilidade, que tenham tr\u00e1fego expressivo de ciclistas ou apresentem forte potencial de deslocamentos por bicicletas.<\/p>\n<p>O projeto, da ex-senadora Nilda Gondim (PB), foi aprovado por recomenda\u00e7\u00e3o do relator, deputado Z\u00e9 Adriano (PP-AC).<\/p>\n<p>A proposi\u00e7\u00e3o modifica a lei que trata do <a href=\"https:\/\/www2.camara.gov.br\/legin\/fed\/lei\/2011\/lei-12379-6-janeiro-2011-609935-norma-pl.html\">Sistema Nacional de Via\u00e7\u00e3o<\/a> para incluir as infraestruturas ciclovi\u00e1rias no Subsistema Rodovi\u00e1rio Federal, que atualmente abrange apenas as rodovias administradas pela Uni\u00e3o. Se virar lei, a medida ser\u00e1 regulamentada posteriormente. O texto altera ainda a <a href=\"https:\/\/www2.camara.gov.br\/legin\/fed\/lei\/2012\/lei-12587-3-janeiro-2012-612248-norma-pl.html\">Pol\u00edtica Nacional de Mobilidade Urbana<\/a>.<\/p>\n<p>Z\u00e9 Adriano observou que, apesar de a Lei de Mobilidade Urbana j\u00e1 mencionar que as ciclovias comp\u00f5em a infraestrutura de mobilidade urbana, a legisla\u00e7\u00e3o \u00e9 omissa no que diz respeito \u00e0s infraestruturas intermunicipais, interestaduais e internacionais. \u201cTal lacuna contribui ainda mais para a defici\u00eancia da infraestrutura ciclovi\u00e1ria no Brasil, al\u00e9m de dificultar o crescimento do transporte por bicicletas\u201d, afirmou.<\/p>\n<p>O relator acredita que atribuir \u00e0 Uni\u00e3o e aos estados a compet\u00eancia para planejar e implantar infraestrutura ciclovi\u00e1ria fortalece as iniciativas em prol da mobilidade ativa.<\/p>\n<p>O projeto ainda ser\u00e1 analisado, em <span id=\"4322\" class=\"termoGlossario\" title=\"\" contenteditable=\"false\" data-toggle=\"tooltip\" data-placement=\"top\" data-original-title=\"Rito de tramita\u00e7\u00e3o pelo qual o projeto \u00e9 votado apenas pelas comiss\u00f5es designadas para analis\u00e1-lo, dispensada a delibera\u00e7\u00e3o do Plen\u00e1rio. O projeto perde o car\u00e1ter conclusivo se houver decis\u00e3o divergente entre as comiss\u00f5es ou se, independentemente de ser aprovado ou rejeitado, houver recurso assinado por 52 deputados para a aprecia\u00e7\u00e3o da mat\u00e9ria no Plen\u00e1rio.\">car\u00e1ter conclusivo<\/span>, pelas comiss\u00f5es de Desenvolvimento Urbano; de Finan\u00e7as e Tributa\u00e7\u00e3o; e de Constitui\u00e7\u00e3o e Justi\u00e7a e de Cidadania. Se for aprovada pelos deputados sem altera\u00e7\u00f5es, a proposta seguir\u00e1 para san\u00e7\u00e3o presidencial.<\/p>\n<p>Ag\u00eancia C\u00e2mara de Not\u00edcias<\/p>\n","protected":false},"excerpt":{"rendered":"<p>A Comiss\u00e3o de Via\u00e7\u00e3o e Transportes da C\u00e2mara dos Deputados aprovou o Projeto de Lei 3084\/21, do Senado, que obriga a Uni\u00e3o a implantar ciclovias nos trechos de rodovias federais ou interestaduais sob sua responsabilidade, que tenham tr\u00e1fego expressivo de ciclistas ou apresentem forte potencial de deslocamentos por bicicletas. O projeto, da ex-senadora Nilda Gondim &hellip;<\/p>\n","protected":false},"author":1,"featured_media":101224,"comment_status":"open","ping_status":"open","sticky":false,"template":"","format":"standard","meta":{"footnotes":""},"categories":[6],"tags":[],"class_list":["post-135669","post","type-post","status-publish","format-standard","has-post-thumbnail","hentry","category-destaques"],"_links":{"self":[{"href":"https:\/\/iparaiba.com.br\/index.php\/wp-json\/wp\/v2\/posts\/135669","targetHints":{"allow":["GET"]}}],"collection":[{"href":"https:\/\/iparaiba.com.br\/index.php\/wp-json\/wp\/v2\/posts"}],"about":[{"href":"https:\/\/iparaiba.com.br\/index.php\/wp-json\/wp\/v2\/types\/post"}],"author":[{"embeddable":true,"href":"https:\/\/iparaiba.com.br\/index.php\/wp-json\/wp\/v2\/users\/1"}],"replies":[{"embeddable":true,"href":"https:\/\/iparaiba.com.br\/index.php\/wp-json\/wp\/v2\/comments?post=135669"}],"version-history":[{"count":1,"href":"https:\/\/iparaiba.com.br\/index.php\/wp-json\/wp\/v2\/posts\/135669\/revisions"}],"predecessor-version":[{"id":135709,"href":"https:\/\/iparaiba.com.br\/index.php\/wp-json\/wp\/v2\/posts\/135669\/revisions\/135709"}],"wp:featuredmedia":[{"embeddable":true,"href":"https:\/\/iparaiba.com.br\/index.php\/wp-json\/wp\/v2\/media\/101224"}],"wp:attachment":[{"href":"https:\/\/iparaiba.com.br\/index.php\/wp-json\/wp\/v2\/media?parent=135669"}],"wp:term":[{"taxonomy":"category","embeddable":true,"href":"https:\/\/iparaiba.com.br\/index.php\/wp-json\/wp\/v2\/categories?post=135669"},{"taxonomy":"post_tag","embeddable":true,"href":"https:\/\/iparaiba.com.br\/index.php\/wp-json\/wp\/v2\/tags?post=135669"}],"curies":[{"name":"wp","href":"https:\/\/api.w.org\/{rel}","templated":true}]}}