{"id":135666,"date":"2025-08-16T16:00:39","date_gmt":"2025-08-16T19:00:39","guid":{"rendered":"https:\/\/onordeste.com.br\/?p=135659"},"modified":"2025-08-16T16:00:39","modified_gmt":"2025-08-16T19:00:39","slug":"motta-afirma-que-isencao-do-ir-para-salarios-de-ate-r-5-mil-deve-ir-ao-plenario-nos-proximos-dias","status":"publish","type":"post","link":"https:\/\/iparaiba.com.br\/index.php\/2025\/08\/16\/motta-afirma-que-isencao-do-ir-para-salarios-de-ate-r-5-mil-deve-ir-ao-plenario-nos-proximos-dias\/","title":{"rendered":"Motta afirma que isen\u00e7\u00e3o do IR para sal\u00e1rios de at\u00e9 R$ 5 mil deve ir ao Plen\u00e1rio nos pr\u00f3ximos dias"},"content":{"rendered":"<p>O presidente da C\u00e2mara dos Deputados, Hugo Motta (Republicanos-PB), afirmou que a proposta (PL 1087\/25) que concede isen\u00e7\u00e3o de Imposto de Renda a quem ganha at\u00e9 R$ 5 mil pode ir ao Plen\u00e1rio nos pr\u00f3ximos dias. Segundo ele, o tema \u00e9 prioridade da Casa neste semestre.<\/p>\n<p>Em entrevista \u00e0 <em>GloboNews<\/em>, Motta ressaltou que o relat\u00f3rio do deputado Arthur Lira (PP-AL) foi <a href=\"https:\/\/www.camara.leg.br\/noticias\/1180848-comissao-da-camara-aprova-projeto-que-isenta-de-imposto-de-renda-quem-ganha-ate-r-5-mil-mensais\/\">aprovado por unanimidade<\/a>, e isso \u00e9 um sinal de que h\u00e1 um ambiente favor\u00e1vel \u00e0 aprova\u00e7\u00e3o da proposta pelos parlamentares.<\/p>\n<p><strong>Tarifa\u00e7o<\/strong><br \/>\nMotta tamb\u00e9m foi questionado sobre a medida provis\u00f3ria (MP) editada pelo governo de <a href=\"https:\/\/www.camara.leg.br\/noticias\/1188216-medida-provisoria-libera-credito-de-r-30-bi-para-empresas-prejudicadas-pelas-tarifas-dos-eua\/\">aux\u00edlio \u00e0s empresas afetadas pelo tarifa\u00e7o<\/a>. O presidente refor\u00e7ou que em momento algum a C\u00e2mara deixou de cumprir suas obriga\u00e7\u00f5es em rela\u00e7\u00e3o \u00e0s respostas \u00e0s decis\u00f5es do governo norte-americano. De acordo com o parlamentar, essas medidas ter\u00e3o amplo apoio dentro da C\u00e2mara.<\/p>\n<p>\u201cEssa MP traz um apoio aos setores afetados pelas tarifas e ser\u00e1 uma prioridade dentro do Congresso. N\u00e3o vamos hesitar. Vamos proteger nossas ind\u00fastrias, empregos, empresas. Esse \u00e9 o interesse de todos que t\u00eam compromisso com o Pa\u00eds\u201d, afirmou o presidente.<\/p>\n<p><strong>Eduardo Bolsonaro<\/strong><br \/>\nMotta tamb\u00e9m afirmou que discorda da atua\u00e7\u00e3o do deputado Eduardo Bolsonaro (PL-SP) em favor das restri\u00e7\u00f5es econ\u00f4micas impostas ao Pa\u00eds. Segundo ele, os interesses pessoais n\u00e3o podem ser colocados acima dos interesses do Brasil.<\/p>\n<p>\u201c\u00c9 um trabalho contra o pa\u00eds, que prejudica empresas e a economia, n\u00e3o acho razo\u00e1vel. Temos total discord\u00e2ncia e, dentro da pr\u00f3pria direita tamb\u00e9m h\u00e1 discord\u00e2ncia, porque s\u00e3o quest\u00f5es indefens\u00e1veis\u201d, criticou Motta.<\/p>\n<p>Ag\u00eancia C\u00e2mara de Not\u00edcias<\/p>\n","protected":false},"excerpt":{"rendered":"<p>O presidente da C\u00e2mara dos Deputados, Hugo Motta (Republicanos-PB), afirmou que a proposta (PL 1087\/25) que concede isen\u00e7\u00e3o de Imposto de Renda a quem ganha at\u00e9 R$ 5 mil pode ir ao Plen\u00e1rio nos pr\u00f3ximos dias. Segundo ele, o tema \u00e9 prioridade da Casa neste semestre. Em entrevista \u00e0 GloboNews, Motta ressaltou que o relat\u00f3rio &hellip;<\/p>\n","protected":false},"author":1,"featured_media":102154,"comment_status":"open","ping_status":"open","sticky":false,"template":"","format":"standard","meta":{"footnotes":""},"categories":[16],"tags":[],"class_list":["post-135666","post","type-post","status-publish","format-standard","has-post-thumbnail","hentry","category-economia"],"_links":{"self":[{"href":"https:\/\/iparaiba.com.br\/index.php\/wp-json\/wp\/v2\/posts\/135666","targetHints":{"allow":["GET"]}}],"collection":[{"href":"https:\/\/iparaiba.com.br\/index.php\/wp-json\/wp\/v2\/posts"}],"about":[{"href":"https:\/\/iparaiba.com.br\/index.php\/wp-json\/wp\/v2\/types\/post"}],"author":[{"embeddable":true,"href":"https:\/\/iparaiba.com.br\/index.php\/wp-json\/wp\/v2\/users\/1"}],"replies":[{"embeddable":true,"href":"https:\/\/iparaiba.com.br\/index.php\/wp-json\/wp\/v2\/comments?post=135666"}],"version-history":[{"count":1,"href":"https:\/\/iparaiba.com.br\/index.php\/wp-json\/wp\/v2\/posts\/135666\/revisions"}],"predecessor-version":[{"id":135706,"href":"https:\/\/iparaiba.com.br\/index.php\/wp-json\/wp\/v2\/posts\/135666\/revisions\/135706"}],"wp:featuredmedia":[{"embeddable":true,"href":"https:\/\/iparaiba.com.br\/index.php\/wp-json\/wp\/v2\/media\/102154"}],"wp:attachment":[{"href":"https:\/\/iparaiba.com.br\/index.php\/wp-json\/wp\/v2\/media?parent=135666"}],"wp:term":[{"taxonomy":"category","embeddable":true,"href":"https:\/\/iparaiba.com.br\/index.php\/wp-json\/wp\/v2\/categories?post=135666"},{"taxonomy":"post_tag","embeddable":true,"href":"https:\/\/iparaiba.com.br\/index.php\/wp-json\/wp\/v2\/tags?post=135666"}],"curies":[{"name":"wp","href":"https:\/\/api.w.org\/{rel}","templated":true}]}}