{"id":135665,"date":"2025-08-16T14:00:47","date_gmt":"2025-08-16T17:00:47","guid":{"rendered":"https:\/\/onordeste.com.br\/?p=135657"},"modified":"2025-08-16T14:00:47","modified_gmt":"2025-08-16T17:00:47","slug":"pmcg-realiza-dia-d-de-multivacinacao","status":"publish","type":"post","link":"https:\/\/iparaiba.com.br\/index.php\/2025\/08\/16\/pmcg-realiza-dia-d-de-multivacinacao\/","title":{"rendered":"PMCG realiza Dia D de Multivacina\u00e7\u00e3o"},"content":{"rendered":"<p>A\u00a0Prefeitura de Campina Grande, por meio da\u00a0Secretaria Municipal de Sa\u00fade, realiza neste\u00a0s\u00e1bado (16)\u00a0o\u00a0Dia D de Multivacina\u00e7\u00e3o, com foco na preven\u00e7\u00e3o contra o\u00a0sarampo. Mais de\u00a080 pontos de imuniza\u00e7\u00e3o\u00a0estar\u00e3o distribu\u00eddos por diversos bairros, garantindo acesso \u00e0s vacinas previstas no calend\u00e1rio nacional de imuniza\u00e7\u00e3o do Minist\u00e9rio da Sa\u00fade.<\/p>\n<p>A mobiliza\u00e7\u00e3o come\u00e7a \u00e0s 8h. Nos postos de sa\u00fade, policl\u00ednicas e no Instituto de Sa\u00fade Elp\u00eddio de Almeida (ISEA), o atendimento ser\u00e1 encerrado \u00e0s 12h. No\u00a0Parque da Crian\u00e7a, a vacina\u00e7\u00e3o segue at\u00e9 16h; na\u00a0Casa da Vacina, at\u00e9 20h; e no\u00a0Terminal de Integra\u00e7\u00e3o, at\u00e9 18h.<\/p>\n<p>Podem se vacinar crian\u00e7as a partir de 12 meses, adolescentes, adultos at\u00e9 59 anos e todos os trabalhadores da sa\u00fade, independentemente da idade. A imuniza\u00e7\u00e3o contra o sarampo \u00e9 feita com as vacinas\u00a0<strong>tr\u00edplice viral<\/strong>\u00a0(sarampo, caxumba e rub\u00e9ola) e\u00a0tetra viral\u00a0(inclui prote\u00e7\u00e3o contra varicela).<\/p>\n<p>O esquema vacinal prev\u00ea a primeira dose da tr\u00edplice viral aos 12 meses de idade e a segunda dose, junto com a vacina contra a varicela ou tetraviral, aos 15 meses. Pessoas entre 1 e 29 anos devem ter duas doses, com intervalo m\u00ednimo de 30 dias. Entre 30 e 59 anos, \u00e9 necess\u00e1rio comprovar pelo menos uma dose. Trabalhadores da sa\u00fade precisam ter duas doses, independentemente da idade.<\/p>\n<p>A vacina tr\u00edplice viral \u00e9 contraindicada para pessoas com hist\u00f3rico de rea\u00e7\u00e3o al\u00e9rgica grave a doses anteriores ou a componentes da f\u00f3rmula, gestantes e indiv\u00edduos com imunodefici\u00eancia grave, que devem passar por avalia\u00e7\u00e3o m\u00e9dica. Pessoas com alergia \u00e0 prote\u00edna do leite de vaca (lactoalbumina) n\u00e3o devem receber a vacina produzida pelo laborat\u00f3rio Serum Institute of \u00cdndia Ltda.<\/p>\n<p>A\u00a0<strong>Secretaria de Sa\u00fade<\/strong>\u00a0refor\u00e7a que a vacina\u00e7\u00e3o \u00e9 a forma mais eficaz de preven\u00e7\u00e3o contra o sarampo, doen\u00e7a altamente contagiosa que pode causar complica\u00e7\u00f5es graves, especialmente em crian\u00e7as.<\/p>\n","protected":false},"excerpt":{"rendered":"<p>A\u00a0Prefeitura de Campina Grande, por meio da\u00a0Secretaria Municipal de Sa\u00fade, realiza neste\u00a0s\u00e1bado (16)\u00a0o\u00a0Dia D de Multivacina\u00e7\u00e3o, com foco na preven\u00e7\u00e3o contra o\u00a0sarampo. Mais de\u00a080 pontos de imuniza\u00e7\u00e3o\u00a0estar\u00e3o distribu\u00eddos por diversos bairros, garantindo acesso \u00e0s vacinas previstas no calend\u00e1rio nacional de imuniza\u00e7\u00e3o do Minist\u00e9rio da Sa\u00fade. A mobiliza\u00e7\u00e3o come\u00e7a \u00e0s 8h. Nos postos de sa\u00fade, policl\u00ednicas &hellip;<\/p>\n","protected":false},"author":1,"featured_media":109550,"comment_status":"open","ping_status":"open","sticky":false,"template":"","format":"standard","meta":{"footnotes":""},"categories":[2],"tags":[],"class_list":["post-135665","post","type-post","status-publish","format-standard","has-post-thumbnail","hentry","category-saude"],"_links":{"self":[{"href":"https:\/\/iparaiba.com.br\/index.php\/wp-json\/wp\/v2\/posts\/135665","targetHints":{"allow":["GET"]}}],"collection":[{"href":"https:\/\/iparaiba.com.br\/index.php\/wp-json\/wp\/v2\/posts"}],"about":[{"href":"https:\/\/iparaiba.com.br\/index.php\/wp-json\/wp\/v2\/types\/post"}],"author":[{"embeddable":true,"href":"https:\/\/iparaiba.com.br\/index.php\/wp-json\/wp\/v2\/users\/1"}],"replies":[{"embeddable":true,"href":"https:\/\/iparaiba.com.br\/index.php\/wp-json\/wp\/v2\/comments?post=135665"}],"version-history":[{"count":1,"href":"https:\/\/iparaiba.com.br\/index.php\/wp-json\/wp\/v2\/posts\/135665\/revisions"}],"predecessor-version":[{"id":135705,"href":"https:\/\/iparaiba.com.br\/index.php\/wp-json\/wp\/v2\/posts\/135665\/revisions\/135705"}],"wp:featuredmedia":[{"embeddable":true,"href":"https:\/\/iparaiba.com.br\/index.php\/wp-json\/wp\/v2\/media\/109550"}],"wp:attachment":[{"href":"https:\/\/iparaiba.com.br\/index.php\/wp-json\/wp\/v2\/media?parent=135665"}],"wp:term":[{"taxonomy":"category","embeddable":true,"href":"https:\/\/iparaiba.com.br\/index.php\/wp-json\/wp\/v2\/categories?post=135665"},{"taxonomy":"post_tag","embeddable":true,"href":"https:\/\/iparaiba.com.br\/index.php\/wp-json\/wp\/v2\/tags?post=135665"}],"curies":[{"name":"wp","href":"https:\/\/api.w.org\/{rel}","templated":true}]}}