{"id":135661,"date":"2025-08-16T06:02:31","date_gmt":"2025-08-16T09:02:31","guid":{"rendered":"https:\/\/onordeste.com.br\/?p=135649"},"modified":"2025-08-16T06:02:31","modified_gmt":"2025-08-16T09:02:31","slug":"presidente-do-stf-vota-contra-repatriacao-imediata-de-criancas","status":"publish","type":"post","link":"https:\/\/iparaiba.com.br\/index.php\/2025\/08\/16\/presidente-do-stf-vota-contra-repatriacao-imediata-de-criancas\/","title":{"rendered":"Presidente do STF vota contra repatria\u00e7\u00e3o imediata de crian\u00e7as"},"content":{"rendered":"<p>O Supremo Tribunal Federal (STF) retomou, nesta quarta-feira (13), o julgamento de duas a\u00e7\u00f5es que tratam da repatria\u00e7\u00e3o de crian\u00e7as e adolescentes v\u00edtimas de viol\u00eancia dom\u00e9stica direta ou indireta.<\/p>\n<p>Na A\u00e7\u00e3o Direta de Inconstitucionalidade\u00a0<strong><a href=\"https:\/\/portal.stf.jus.br\/processos\/detalhe.asp?incidente=2679600\" target=\"_blank\" rel=\"noreferrer noopener\">(ADI) 4245<\/a><\/strong>, o Partido Democratas questiona os decretos legislativo e presidencial que ratificaram e promulgaram a ades\u00e3o do Brasil \u00e0 Conven\u00e7\u00e3o da Haia sobre os Aspectos Civis do Sequestro Internacional de Crian\u00e7as.<\/p>\n<p>Para a legenda, o tratado tem recebido interpreta\u00e7\u00f5es equivocadas a respeito dos procedimentos a serem adotados para garantir o retorno de crian\u00e7as e adolescentes levados de seus pa\u00edses sem consentimento dos pais ou de um deles.<\/p>\n<p>J\u00e1 na\u00a0<strong><a href=\"https:\/\/portal.stf.jus.br\/processos\/detalhe.asp?incidente=6985097\" target=\"_blank\" rel=\"noreferrer noopener\">ADI 7686<\/a><\/strong>, o Partido Socialismo e Liberdade (PSOL) pede que o tratado seja interpretado de modo a impedir que crian\u00e7as que vivem em pa\u00edses estrangeiros e sejam trazidas ao Brasil pela m\u00e3e, sem a autoriza\u00e7\u00e3o do pai ou o contr\u00e1rio, n\u00e3o sejam obrigadas a retornar ao exterior quando houver fundada suspeita de viol\u00eancia dom\u00e9stica, mesmo que ela n\u00e3o seja a\u00a0v\u00edtima direta.<\/p>\n<h5 class=\"wp-block-heading\"><strong>Ind\u00edcios comprov\u00e1veis<\/strong><\/h5>\n<p>Relator da a\u00e7\u00e3o, o ministro Lu\u00eds Roberto Barroso votou pela compatibilidade da Conven\u00e7\u00e3o\u00a0com a Constitui\u00e7\u00e3o Federal e contra a possibilidade de repatria\u00e7\u00e3o imediata de crian\u00e7as em casos de viol\u00eancia dom\u00e9stica.<\/p>\n<p>O texto da Conven\u00e7\u00e3o prev\u00ea que em casos de viola\u00e7\u00e3o de direito de guarda, a crian\u00e7a ou adolescente deve ser devolvido imediatamente ao pa\u00eds de origem. A exce\u00e7\u00e3o, at\u00e9 ent\u00e3o, s\u00e3o os casos em\u00a0que ficar comprovado o risco grave de, no retorno, ela ser submetida a perigos de ordem f\u00edsica ou ps\u00edquica, ou, de qualquer modo, ficar numa situa\u00e7\u00e3o intoler\u00e1vel.<\/p>\n<p>Para Barroso, contudo, a exce\u00e7\u00e3o deve ser estendida aos casos de \u201cind\u00edcios comprov\u00e1veis de viol\u00eancia dom\u00e9stica\u201d, mesmo que a crian\u00e7a ou o adolescente n\u00e3o seja v\u00edtima direta do abuso.<\/p>\n<p>Na avalia\u00e7\u00e3o do ministro, a viol\u00eancia de g\u00eanero, especialmente quando envolve mulheres migrantes, \u00e9\u00a0de dif\u00edcil comprova\u00e7\u00e3o, uma vez que se d\u00e1 em espa\u00e7o dom\u00e9stico, e envolve o isolamento da v\u00edtima de sua rede de apoio, al\u00e9m das barreiras lingu\u00edsticas, institucionais e culturais.<\/p>\n<p>Assim, a verifica\u00e7\u00e3o de situa\u00e7\u00e3o de viol\u00eancia dom\u00e9stica que justifique a negativa de retorno da crian\u00e7a deve estar lastreada em ind\u00edcios, elementos objetivos e concretos que confiram verossimilhan\u00e7a e plausibilidade \u00e0 alega\u00e7\u00e3o de risco grave.<\/p>\n<h5 class=\"wp-block-heading\"><strong>Melhor interesse da crian\u00e7a<\/strong><\/h5>\n<p>Ao votar pela validade do tratado, o ministro ressaltou, contudo, que, em raz\u00e3o da demora na execu\u00e7\u00e3o de decis\u00f5es definitivas sobre a restitui\u00e7\u00e3o ou n\u00e3o de crian\u00e7as ao pa\u00eds de resid\u00eancia habitual, o Brasil tem sido percebido no cen\u00e1rio internacional como um cumpridor deficit\u00e1rio da Conven\u00e7\u00e3o.<\/p>\n<p>Tal demora, disse, compromete a efetividade da Conven\u00e7\u00e3o, al\u00e9m de colocar o pa\u00eds em posi\u00e7\u00e3o desfavor\u00e1vel perante os demais Estados signat\u00e1rios, impactando negativamente sua reputa\u00e7\u00e3o.<\/p>\n<p>A seu ver, \u00e0 luz do princ\u00edpio do melhor\u00a0interesse da crian\u00e7a, a aplica\u00e7\u00e3o da Conven\u00e7\u00e3o no Brasil exige a ado\u00e7\u00e3o de medidas estruturais e procedimentais para garantir a tramita\u00e7\u00e3o c\u00e9lere e eficaz das a\u00e7\u00f5es sobre restitui\u00e7\u00e3o internacional de crian\u00e7as.<\/p>\n<p>Nesse sentido, Barroso prop\u00f4s provid\u00eancias como a cria\u00e7\u00e3o de grupo de trabalho no Conselho Nacional de Justi\u00e7a (CNJ) para elaborar proposta de resolu\u00e7\u00e3o para agilizar a tramita\u00e7\u00e3o dessas a\u00e7\u00f5es e a concentra\u00e7\u00e3o da compet\u00eancia para processar e julgar tais a\u00e7\u00f5es em varas federais e turmas especializadas.<\/p>\n<p>STF<\/p>\n","protected":false},"excerpt":{"rendered":"<p>O Supremo Tribunal Federal (STF) retomou, nesta quarta-feira (13), o julgamento de duas a\u00e7\u00f5es que tratam da repatria\u00e7\u00e3o de crian\u00e7as e adolescentes v\u00edtimas de viol\u00eancia dom\u00e9stica direta ou indireta. Na A\u00e7\u00e3o Direta de Inconstitucionalidade\u00a0(ADI) 4245, o Partido Democratas questiona os decretos legislativo e presidencial que ratificaram e promulgaram a ades\u00e3o do Brasil \u00e0 Conven\u00e7\u00e3o da &hellip;<\/p>\n","protected":false},"author":1,"featured_media":107952,"comment_status":"open","ping_status":"open","sticky":false,"template":"","format":"standard","meta":{"footnotes":""},"categories":[9],"tags":[],"class_list":["post-135661","post","type-post","status-publish","format-standard","has-post-thumbnail","hentry","category-justica"],"_links":{"self":[{"href":"https:\/\/iparaiba.com.br\/index.php\/wp-json\/wp\/v2\/posts\/135661","targetHints":{"allow":["GET"]}}],"collection":[{"href":"https:\/\/iparaiba.com.br\/index.php\/wp-json\/wp\/v2\/posts"}],"about":[{"href":"https:\/\/iparaiba.com.br\/index.php\/wp-json\/wp\/v2\/types\/post"}],"author":[{"embeddable":true,"href":"https:\/\/iparaiba.com.br\/index.php\/wp-json\/wp\/v2\/users\/1"}],"replies":[{"embeddable":true,"href":"https:\/\/iparaiba.com.br\/index.php\/wp-json\/wp\/v2\/comments?post=135661"}],"version-history":[{"count":1,"href":"https:\/\/iparaiba.com.br\/index.php\/wp-json\/wp\/v2\/posts\/135661\/revisions"}],"predecessor-version":[{"id":135701,"href":"https:\/\/iparaiba.com.br\/index.php\/wp-json\/wp\/v2\/posts\/135661\/revisions\/135701"}],"wp:featuredmedia":[{"embeddable":true,"href":"https:\/\/iparaiba.com.br\/index.php\/wp-json\/wp\/v2\/media\/107952"}],"wp:attachment":[{"href":"https:\/\/iparaiba.com.br\/index.php\/wp-json\/wp\/v2\/media?parent=135661"}],"wp:term":[{"taxonomy":"category","embeddable":true,"href":"https:\/\/iparaiba.com.br\/index.php\/wp-json\/wp\/v2\/categories?post=135661"},{"taxonomy":"post_tag","embeddable":true,"href":"https:\/\/iparaiba.com.br\/index.php\/wp-json\/wp\/v2\/tags?post=135661"}],"curies":[{"name":"wp","href":"https:\/\/api.w.org\/{rel}","templated":true}]}}