{"id":135660,"date":"2025-08-15T17:37:59","date_gmt":"2025-08-15T20:37:59","guid":{"rendered":"https:\/\/onordeste.com.br\/?p=135645"},"modified":"2025-08-15T17:37:59","modified_gmt":"2025-08-15T20:37:59","slug":"agevisa-pb-interdita-distribuidora-de-suplementos","status":"publish","type":"post","link":"https:\/\/iparaiba.com.br\/index.php\/2025\/08\/15\/agevisa-pb-interdita-distribuidora-de-suplementos\/","title":{"rendered":"Agevisa\/PB interdita distribuidora de suplementos"},"content":{"rendered":"<p style=\"font-weight: 400;\">A Ag\u00eancia Estadual de Vigil\u00e2ncia Sanit\u00e1ria interditou cautelarmente uma distribuidora localizada no bairro de Mana\u00edra, em Jo\u00e3o Pessoa, ap\u00f3s constatar v\u00e1rias irregularidades, come\u00e7ando pela inexist\u00eancia de CNPJ e pelo com\u00e9rcio, sem Nota Fiscal, de alimentos e suplementos alimentares, nacionais e importados, sem a devida autoriza\u00e7\u00e3o do \u00f3rg\u00e3o sanit\u00e1rio competente, no caso a Ger\u00eancia de Vigil\u00e2ncia Sanit\u00e1ria do munic\u00edpio (Gevisa\/JP). A interdi\u00e7\u00e3o ocorreu durante opera\u00e7\u00e3o conjunta que envolveu, al\u00e9m da Agevisa\/PB, a Secretaria de Estado da Fazenda (Fisco Estadual) e a Promotoria de Justi\u00e7a do Consumidor (MP-Procon). A a\u00e7\u00e3o teve o apoio das Pol\u00edcias Militar e Civil da Para\u00edba.<\/p>\n<p style=\"font-weight: 400;\">Dentre as muitas irregularidades constatadas, a Agevisa identificou o armazenamento de produtos em p\u00e9ssimas condi\u00e7\u00f5es de higiene e limpeza e em temperaturas inadequadas, situa\u00e7\u00e3o que, segundo a Ag\u00eancia, coloca em risco a sa\u00fade da popula\u00e7\u00e3o consumidora, em raz\u00e3o do comprometimento da estabilidade e caracter\u00edsticas f\u00edsico-qu\u00edmicas e microbiol\u00f3gicas dos suplementos alimentares comercializados.<\/p>\n<p style=\"font-weight: 400;\">Tamb\u00e9m foram constatadas a aus\u00eancia de respons\u00e1vel t\u00e9cnico para responder pelo estabelecimento; a distribui\u00e7\u00e3o, transporte, armazenamento e comercializa\u00e7\u00e3o de alimentos e suplementos alimentares sem as respectivas autoriza\u00e7\u00f5es\u00a0 (de compet\u00eancia das Vigil\u00e2ncias Sanit\u00e1rias estadual\u00a0 e municipal); a armazenagem, distribui\u00e7\u00e3o, comercializa\u00e7\u00e3o, transporte e produ\u00e7\u00e3o de suplementos alimentares sem as respectivas autoriza\u00e7\u00f5es da Ag\u00eancia Nacional de Vigil\u00e2ncia Sanit\u00e1ria (Anvisa), e o armazenamento de produtos com prazos de validade vencidos.<\/p>\n<p style=\"font-weight: 400;\">No espa\u00e7o f\u00edsico considerado em n\u00e3o conformidade com a legisla\u00e7\u00e3o sanit\u00e1ria vigente, os inspetores sanit\u00e1rios da Agevisa\/PB identificaram a exist\u00eancia de instala\u00e7\u00f5es sanit\u00e1rias com acesso direto \u00e0 \u00e1rea de armazenamento dos alimentos e suplementos alimentares; o armazenamento de produtos perec\u00edveis em recipiente mal refrigerado; a exist\u00eancia de produtos sem identifica\u00e7\u00e3o e\/ou com problema de rotulagem, inclusive produtos estrangeiros sem Nota Fiscal e com informa\u00e7\u00f5es impressas em l\u00edngua inglesa, e, ainda, a pr\u00e1tica de fracionamento irregular de produtos<\/p>\n","protected":false},"excerpt":{"rendered":"<p>A Ag\u00eancia Estadual de Vigil\u00e2ncia Sanit\u00e1ria interditou cautelarmente uma distribuidora localizada no bairro de Mana\u00edra, em Jo\u00e3o Pessoa, ap\u00f3s constatar v\u00e1rias irregularidades, come\u00e7ando pela inexist\u00eancia de CNPJ e pelo com\u00e9rcio, sem Nota Fiscal, de alimentos e suplementos alimentares, nacionais e importados, sem a devida autoriza\u00e7\u00e3o do \u00f3rg\u00e3o sanit\u00e1rio competente, no caso a Ger\u00eancia de Vigil\u00e2ncia &hellip;<\/p>\n","protected":false},"author":1,"featured_media":110487,"comment_status":"open","ping_status":"open","sticky":false,"template":"","format":"standard","meta":{"footnotes":""},"categories":[7],"tags":[],"class_list":["post-135660","post","type-post","status-publish","format-standard","has-post-thumbnail","hentry","category-diversas"],"_links":{"self":[{"href":"https:\/\/iparaiba.com.br\/index.php\/wp-json\/wp\/v2\/posts\/135660","targetHints":{"allow":["GET"]}}],"collection":[{"href":"https:\/\/iparaiba.com.br\/index.php\/wp-json\/wp\/v2\/posts"}],"about":[{"href":"https:\/\/iparaiba.com.br\/index.php\/wp-json\/wp\/v2\/types\/post"}],"author":[{"embeddable":true,"href":"https:\/\/iparaiba.com.br\/index.php\/wp-json\/wp\/v2\/users\/1"}],"replies":[{"embeddable":true,"href":"https:\/\/iparaiba.com.br\/index.php\/wp-json\/wp\/v2\/comments?post=135660"}],"version-history":[{"count":1,"href":"https:\/\/iparaiba.com.br\/index.php\/wp-json\/wp\/v2\/posts\/135660\/revisions"}],"predecessor-version":[{"id":135700,"href":"https:\/\/iparaiba.com.br\/index.php\/wp-json\/wp\/v2\/posts\/135660\/revisions\/135700"}],"wp:featuredmedia":[{"embeddable":true,"href":"https:\/\/iparaiba.com.br\/index.php\/wp-json\/wp\/v2\/media\/110487"}],"wp:attachment":[{"href":"https:\/\/iparaiba.com.br\/index.php\/wp-json\/wp\/v2\/media?parent=135660"}],"wp:term":[{"taxonomy":"category","embeddable":true,"href":"https:\/\/iparaiba.com.br\/index.php\/wp-json\/wp\/v2\/categories?post=135660"},{"taxonomy":"post_tag","embeddable":true,"href":"https:\/\/iparaiba.com.br\/index.php\/wp-json\/wp\/v2\/tags?post=135660"}],"curies":[{"name":"wp","href":"https:\/\/api.w.org\/{rel}","templated":true}]}}