{"id":135631,"date":"2025-08-11T08:26:37","date_gmt":"2025-08-11T11:26:37","guid":{"rendered":"https:\/\/onordeste.com.br\/?p=135575"},"modified":"2025-08-11T08:26:37","modified_gmt":"2025-08-11T11:26:37","slug":"cmjp-adere-a-campanha-agosto-lilas","status":"publish","type":"post","link":"https:\/\/iparaiba.com.br\/index.php\/2025\/08\/11\/cmjp-adere-a-campanha-agosto-lilas\/","title":{"rendered":"CMJP adere \u00e0 campanha Agosto Lil\u00e1s"},"content":{"rendered":"<p align=\"justify\">A C\u00e2mara Municipal de Jo\u00e3o Pessoa (CMJP) aderiu \u00e0 campanha Agosto Lil\u00e1s, promovida pelo Minist\u00e9rio P\u00fablico Federal (MPF) e Minist\u00e9rio P\u00fablico da Para\u00edba (MPPB), que visa a combater a viol\u00eancia contra a mulher e lembrar os 12 anos da \u2018Lei do Minuto Seguinte\u2019 e os 19 anos da \u2018Lei Maria da Penha\u2019, comemorados no dia 07 de agosto.<\/p>\n<p align=\"justify\">Durante a a\u00e7\u00e3o, est\u00e3o sendo instalados bancos vermelhos em pontos estrat\u00e9gicos do estado. Os bancos s\u00e3o um s\u00edmbolo internacional da luta contra a viol\u00eancia e o feminic\u00eddio, al\u00e9m de chamarem aten\u00e7\u00e3o para o tema e funcionarem como ponto de informa\u00e7\u00e3o e reflex\u00e3o.<\/p>\n<p align=\"justify\">A pedido do MPF e do MPPB, \u00f3rg\u00e3os e empresas est\u00e3o se comprometendo a iluminar pr\u00e9dios com a cor lil\u00e1s, como forma de sensibilizar a sociedade no engajamento pela redu\u00e7\u00e3o da viol\u00eancia contra a mulher. \u00c9 o caso da C\u00e2mara de Jo\u00e3o Pessoa, que tamb\u00e9m ter\u00e1 a fachada modificada com ilumina\u00e7\u00e3o lil\u00e1s, para simbolizar a participa\u00e7\u00e3o e engajamento na campanha.<\/p>\n<p align=\"justify\">\u201cA pauta sobre a viol\u00eancia contra a mulher tem sido abra\u00e7ada pela C\u00e2mara de Jo\u00e3o Pessoa durante todo o ano, mas, no Agosto Lil\u00e1s, refor\u00e7amos a abordagem. Temos visto o crescimento dos casos e ningu\u00e9m pode se calar ou ficar parado frente a isso\u201d, disse o presidente da Casa, vereador Dinho Dowsley (PSD), lembrando projetos importantes do Legislativo Pessoense que buscam a conscientiza\u00e7\u00e3o sobre o enfrentamento do feminic\u00eddio.<\/p>\n<p align=\"justify\">Dados trazidos pelo 19\u00b0 Anu\u00e1rio da Seguran\u00e7a P\u00fablica de 2025 apontam que quatro mulheres s\u00e3o mortas por dia no Brasil, apenas pela sua condi\u00e7\u00e3o de mulher (feminic\u00eddio). Na Para\u00edba, at\u00e9 31 de julho de 2025, cerca de 21 mulheres foram v\u00edtimas de feminic\u00eddio.<\/p>\n<p align=\"justify\">A Lei do Minuto Seguinte (n\u00ba 12.845\/2013 garante atendimento m\u00e9dico imediato, integral e gratuito \u00e0s v\u00edtimas de viol\u00eancia sexual em hospitais da rede p\u00fablica de sa\u00fade (SUS), estabelecendo que a palavra da v\u00edtima \u00e9 suficiente para acionar o atendimento. J\u00e1 a Lei Maria da Penha (n\u00b0 11.340\/2006) visa coibir e prevenir a viol\u00eancia dom\u00e9stica e familiar contra a mulher.<\/p>\n<p align=\"justify\">CMJP<\/p>\n","protected":false},"excerpt":{"rendered":"<p>A C\u00e2mara Municipal de Jo\u00e3o Pessoa (CMJP) aderiu \u00e0 campanha Agosto Lil\u00e1s, promovida pelo Minist\u00e9rio P\u00fablico Federal (MPF) e Minist\u00e9rio P\u00fablico da Para\u00edba (MPPB), que visa a combater a viol\u00eancia contra a mulher e lembrar os 12 anos da \u2018Lei do Minuto Seguinte\u2019 e os 19 anos da \u2018Lei Maria da Penha\u2019, comemorados no dia &hellip;<\/p>\n","protected":false},"author":1,"featured_media":102125,"comment_status":"open","ping_status":"open","sticky":false,"template":"","format":"standard","meta":{"footnotes":""},"categories":[6],"tags":[],"class_list":["post-135631","post","type-post","status-publish","format-standard","has-post-thumbnail","hentry","category-destaques"],"_links":{"self":[{"href":"https:\/\/iparaiba.com.br\/index.php\/wp-json\/wp\/v2\/posts\/135631","targetHints":{"allow":["GET"]}}],"collection":[{"href":"https:\/\/iparaiba.com.br\/index.php\/wp-json\/wp\/v2\/posts"}],"about":[{"href":"https:\/\/iparaiba.com.br\/index.php\/wp-json\/wp\/v2\/types\/post"}],"author":[{"embeddable":true,"href":"https:\/\/iparaiba.com.br\/index.php\/wp-json\/wp\/v2\/users\/1"}],"replies":[{"embeddable":true,"href":"https:\/\/iparaiba.com.br\/index.php\/wp-json\/wp\/v2\/comments?post=135631"}],"version-history":[{"count":0,"href":"https:\/\/iparaiba.com.br\/index.php\/wp-json\/wp\/v2\/posts\/135631\/revisions"}],"wp:featuredmedia":[{"embeddable":true,"href":"https:\/\/iparaiba.com.br\/index.php\/wp-json\/wp\/v2\/media\/102125"}],"wp:attachment":[{"href":"https:\/\/iparaiba.com.br\/index.php\/wp-json\/wp\/v2\/media?parent=135631"}],"wp:term":[{"taxonomy":"category","embeddable":true,"href":"https:\/\/iparaiba.com.br\/index.php\/wp-json\/wp\/v2\/categories?post=135631"},{"taxonomy":"post_tag","embeddable":true,"href":"https:\/\/iparaiba.com.br\/index.php\/wp-json\/wp\/v2\/tags?post=135631"}],"curies":[{"name":"wp","href":"https:\/\/api.w.org\/{rel}","templated":true}]}}