{"id":135630,"date":"2025-08-11T07:26:52","date_gmt":"2025-08-11T10:26:52","guid":{"rendered":"https:\/\/onordeste.com.br\/?p=135577"},"modified":"2025-08-11T07:26:52","modified_gmt":"2025-08-11T10:26:52","slug":"programa-ampliar-fortalece-a-aviacao-regional","status":"publish","type":"post","link":"https:\/\/iparaiba.com.br\/index.php\/2025\/08\/11\/programa-ampliar-fortalece-a-aviacao-regional\/","title":{"rendered":"Programa AmpliAR fortalece a avia\u00e7\u00e3o regional"},"content":{"rendered":"<p>O Tribunal de Contas da Uni\u00e3o (TCU) participou, nesta segunda-feira (6\/8), do an\u00fancio de lan\u00e7amento do\u00a0<strong>Programa AmpliAR<\/strong>, pol\u00edtica p\u00fablica voltada \u00e0\u00a0<strong>requalifica\u00e7\u00e3o da infraestrutura aeroportu\u00e1ria regional no Brasil.<\/strong>\u00a0O encontro ocorreu no gabinete da Presid\u00eancia do Tribunal, em Bras\u00edlia, e contou com a presen\u00e7a de representantes da Secretaria Nacional de Avia\u00e7\u00e3o Civil, da Ag\u00eancia Nacional de Avia\u00e7\u00e3o Civil (Anac), do Minist\u00e9rio de Portos e Aeroportos, do Minist\u00e9rio do Planejamento e Or\u00e7amento (MPOR) e da Associa\u00e7\u00e3o Brasileira de Aeroportos (ABR).<\/p>\n<p>O programa foi oficialmente lan\u00e7ado com a publica\u00e7\u00e3o do edital da primeira rodada de concess\u00f5es, que contempla\u00a0<strong>19 aeroportos localizados em 11 estados brasileiros<\/strong>\u00a0\u2014 com destaque para as regi\u00f5es da Amaz\u00f4nia Legal e do Nordeste. Os investimentos previstos ultrapassam\u00a0<strong>R$ 1 bilh\u00e3o<\/strong>\u00a0e visam\u00a0<strong>ampliar o acesso a\u00e9reo a localidades historicamente desassistidas,<\/strong>\u00a0promovendo ganhos em conectividade, turismo, sa\u00fade p\u00fablica e desenvolvimento regional.<\/p>\n<blockquote><p>\u201cO Programa AmpliAR nasce com um prop\u00f3sito nobre:\u00a0<strong>reconectar o Brasil pelos c\u00e9us,<\/strong>\u00a0ampliando o acesso a\u00e9reo a regi\u00f5es historicamente exclu\u00eddas da malha comercial. \u00c9 uma pol\u00edtica p\u00fablica que integra locais estrat\u00e9gicos ao desenvolvimento nacional\u201d, afirmou o presidente do TCU, ministro Vital do R\u00eago.<\/p><\/blockquote>\n<p>Os investimentos do AmpliAR, al\u00e9m de modernizar os aeroportos regionais, tamb\u00e9m ter\u00e3o impacto direto em \u00e1reas essenciais, como a sa\u00fade, ao permitir deslocamentos de emerg\u00eancia e agilizar a entrega de medicamentos e vacinas em regi\u00f5es de dif\u00edcil acesso.<\/p>\n<p>Durante a reuni\u00e3o, o ministro de Portos e Aeroportos, Silvio Costa Filho, destacou o papel do TCU na constru\u00e7\u00e3o do programa. \u201cEsse \u00e9 um momento muito importante. Estamos lan\u00e7ando um edital que permitir\u00e1 \u00e0 iniciativa privada investir em aeroportos regionais por meio de um modelo inteligente, constru\u00eddo em parceria com o TCU. A prorroga\u00e7\u00e3o dos contratos de concess\u00e3o ser\u00e1 convertida em investimentos estruturantes, tirando do poder p\u00fablico o \u00f4nus da gest\u00e3o de aeroportos deficit\u00e1rios.\u201d<\/p>\n<p>Vital do R\u00eago tamb\u00e9m ressaltou que o modelo de reequil\u00edbrio contratual adotado no AmpliAR foi inspirado nas concess\u00f5es em blocos realizadas com sucesso desde 2019, mas com uma abordagem ainda mais inovadora: a inclus\u00e3o de aeroportos regionais deficit\u00e1rios em contratos federais j\u00e1 vigentes, de forma transparente e competitiva.<\/p>\n<blockquote><p>\u201cO TCU n\u00e3o apenas fiscaliza, mas constr\u00f3i solu\u00e7\u00f5es. Nossa atua\u00e7\u00e3o recente em processos envolvendo os aeroportos de Guarulhos, Bras\u00edlia e Gale\u00e3o \u00e9 prova disso. Trabalhamos para que cada a\u00e7\u00e3o gere resultados concretos para o cidad\u00e3o\u201d, afirmou o presidente do Tribunal.<\/p><\/blockquote>\n","protected":false},"excerpt":{"rendered":"<p>O Tribunal de Contas da Uni\u00e3o (TCU) participou, nesta segunda-feira (6\/8), do an\u00fancio de lan\u00e7amento do\u00a0Programa AmpliAR, pol\u00edtica p\u00fablica voltada \u00e0\u00a0requalifica\u00e7\u00e3o da infraestrutura aeroportu\u00e1ria regional no Brasil.\u00a0O encontro ocorreu no gabinete da Presid\u00eancia do Tribunal, em Bras\u00edlia, e contou com a presen\u00e7a de representantes da Secretaria Nacional de Avia\u00e7\u00e3o Civil, da Ag\u00eancia Nacional de Avia\u00e7\u00e3o &hellip;<\/p>\n","protected":false},"author":1,"featured_media":134688,"comment_status":"open","ping_status":"open","sticky":false,"template":"","format":"standard","meta":{"footnotes":""},"categories":[18],"tags":[],"class_list":["post-135630","post","type-post","status-publish","format-standard","has-post-thumbnail","hentry","category-brasil"],"_links":{"self":[{"href":"https:\/\/iparaiba.com.br\/index.php\/wp-json\/wp\/v2\/posts\/135630","targetHints":{"allow":["GET"]}}],"collection":[{"href":"https:\/\/iparaiba.com.br\/index.php\/wp-json\/wp\/v2\/posts"}],"about":[{"href":"https:\/\/iparaiba.com.br\/index.php\/wp-json\/wp\/v2\/types\/post"}],"author":[{"embeddable":true,"href":"https:\/\/iparaiba.com.br\/index.php\/wp-json\/wp\/v2\/users\/1"}],"replies":[{"embeddable":true,"href":"https:\/\/iparaiba.com.br\/index.php\/wp-json\/wp\/v2\/comments?post=135630"}],"version-history":[{"count":0,"href":"https:\/\/iparaiba.com.br\/index.php\/wp-json\/wp\/v2\/posts\/135630\/revisions"}],"wp:featuredmedia":[{"embeddable":true,"href":"https:\/\/iparaiba.com.br\/index.php\/wp-json\/wp\/v2\/media\/134688"}],"wp:attachment":[{"href":"https:\/\/iparaiba.com.br\/index.php\/wp-json\/wp\/v2\/media?parent=135630"}],"wp:term":[{"taxonomy":"category","embeddable":true,"href":"https:\/\/iparaiba.com.br\/index.php\/wp-json\/wp\/v2\/categories?post=135630"},{"taxonomy":"post_tag","embeddable":true,"href":"https:\/\/iparaiba.com.br\/index.php\/wp-json\/wp\/v2\/tags?post=135630"}],"curies":[{"name":"wp","href":"https:\/\/api.w.org\/{rel}","templated":true}]}}