{"id":135628,"date":"2025-08-11T08:21:52","date_gmt":"2025-08-11T11:21:52","guid":{"rendered":"https:\/\/onordeste.com.br\/?p=135570"},"modified":"2025-08-11T08:21:52","modified_gmt":"2025-08-11T11:21:52","slug":"restos-mortais-de-napoleao-laureano-serao-transferidos-para-memorial-do-hospital-homonimo","status":"publish","type":"post","link":"https:\/\/iparaiba.com.br\/index.php\/2025\/08\/11\/restos-mortais-de-napoleao-laureano-serao-transferidos-para-memorial-do-hospital-homonimo\/","title":{"rendered":"Restos mortais de Napole\u00e3o Laureano ser\u00e3o transferidos para Memorial do Hospital hom\u00f4nimo"},"content":{"rendered":"<p style=\"font-weight: 400;\">No pr\u00f3ximo dia 19 de agosto, o Memorial do Hospital Napole\u00e3o Laureano ser\u00e1 inaugurado. Na ocasi\u00e3o, os restos mortais do m\u00e9dico Napole\u00e3o Laureano, que encontram-se no cemit\u00e9rio Senhor da Boa Senten\u00e7a, ir\u00e3o passar pela C\u00e2mara Municipal de Jo\u00e3o Pessoa (CMJP) antes de seguir para o mausol\u00e9u edificado na capela do Hospital.<\/p>\n<p style=\"font-weight: 400;\">Na programa\u00e7\u00e3o de inaugura\u00e7\u00e3o, tamb\u00e9m est\u00e1 prevista a celebra\u00e7\u00e3o de uma missa pelos padres Marc\u00edlio, capel\u00e3o do Hospital, e Napole\u00e3o Laureano, que \u00e9 natural de S\u00e3o Paulo e vai receber o T\u00edtulo de Cidad\u00e3o Pessoense, na oportunidade.<\/p>\n<p style=\"font-weight: 400;\">A iniciativa \u00e9 um ato de reconhecimento e gratid\u00e3o ao m\u00e9dico Napole\u00e3o Rodrigues Laureano pelos relevantes servi\u00e7os prestados \u00e0 medicina e \u00e0 sociedade paraibana.<\/p>\n<p style=\"font-weight: 400;\">Napole\u00e3o Rodrigues Laureano foi m\u00e9dico oncologista, conhecido como m\u00e9dico dos pobres, por atender seus pacientes carentes de gra\u00e7a. Para contribuir ainda mais com a \u00e1rea da sa\u00fade da capital paraibana, em 1945 entrou para a pol\u00edtica, tornando-se o primeiro presidente da C\u00e2mara Municipal de Jo\u00e3o Pessoa, que o homenageia dando seu nome ao seu pr\u00e9dio sede, Casa Napole\u00e3o Laureano.<\/p>\n<p>CMJP<\/p>\n<p style=\"font-weight: 400;\">\n","protected":false},"excerpt":{"rendered":"<p>No pr\u00f3ximo dia 19 de agosto, o Memorial do Hospital Napole\u00e3o Laureano ser\u00e1 inaugurado. Na ocasi\u00e3o, os restos mortais do m\u00e9dico Napole\u00e3o Laureano, que encontram-se no cemit\u00e9rio Senhor da Boa Senten\u00e7a, ir\u00e3o passar pela C\u00e2mara Municipal de Jo\u00e3o Pessoa (CMJP) antes de seguir para o mausol\u00e9u edificado na capela do Hospital. Na programa\u00e7\u00e3o de inaugura\u00e7\u00e3o, &hellip;<\/p>\n","protected":false},"author":1,"featured_media":112760,"comment_status":"open","ping_status":"open","sticky":false,"template":"","format":"standard","meta":{"footnotes":""},"categories":[15],"tags":[],"class_list":["post-135628","post","type-post","status-publish","format-standard","has-post-thumbnail","hentry","category-links"],"_links":{"self":[{"href":"https:\/\/iparaiba.com.br\/index.php\/wp-json\/wp\/v2\/posts\/135628","targetHints":{"allow":["GET"]}}],"collection":[{"href":"https:\/\/iparaiba.com.br\/index.php\/wp-json\/wp\/v2\/posts"}],"about":[{"href":"https:\/\/iparaiba.com.br\/index.php\/wp-json\/wp\/v2\/types\/post"}],"author":[{"embeddable":true,"href":"https:\/\/iparaiba.com.br\/index.php\/wp-json\/wp\/v2\/users\/1"}],"replies":[{"embeddable":true,"href":"https:\/\/iparaiba.com.br\/index.php\/wp-json\/wp\/v2\/comments?post=135628"}],"version-history":[{"count":0,"href":"https:\/\/iparaiba.com.br\/index.php\/wp-json\/wp\/v2\/posts\/135628\/revisions"}],"wp:featuredmedia":[{"embeddable":true,"href":"https:\/\/iparaiba.com.br\/index.php\/wp-json\/wp\/v2\/media\/112760"}],"wp:attachment":[{"href":"https:\/\/iparaiba.com.br\/index.php\/wp-json\/wp\/v2\/media?parent=135628"}],"wp:term":[{"taxonomy":"category","embeddable":true,"href":"https:\/\/iparaiba.com.br\/index.php\/wp-json\/wp\/v2\/categories?post=135628"},{"taxonomy":"post_tag","embeddable":true,"href":"https:\/\/iparaiba.com.br\/index.php\/wp-json\/wp\/v2\/tags?post=135628"}],"curies":[{"name":"wp","href":"https:\/\/api.w.org\/{rel}","templated":true}]}}