{"id":135627,"date":"2025-08-11T08:20:40","date_gmt":"2025-08-11T11:20:40","guid":{"rendered":"https:\/\/onordeste.com.br\/?p=135568"},"modified":"2025-08-11T08:20:40","modified_gmt":"2025-08-11T11:20:40","slug":"tribunal-avalia-planejamento-e-implementacao-do-programa-mais-medicos","status":"publish","type":"post","link":"https:\/\/iparaiba.com.br\/index.php\/2025\/08\/11\/tribunal-avalia-planejamento-e-implementacao-do-programa-mais-medicos\/","title":{"rendered":"Tribunal avalia planejamento e implementa\u00e7\u00e3o do Programa Mais M\u00e9dicos"},"content":{"rendered":"<div class=\"flex flex-col items-start gap-0 [&amp;&gt;p:last-child]:mb-0 w-full text-body news-content\" style=\"box-sizing: border-box; margin: 0px; padding: 0px; border-image: initial; display: flex; width: 768px; flex-direction: column; align-items: flex-start; color: #030712; gap: calc(var(--spacing)*0); font-family: 'Libre Franklin', 'Libre Franklin Fallback'; font-size: medium; font-style: normal; font-variant-ligatures: normal; font-variant-caps: normal; font-weight: 400; letter-spacing: normal; orphans: 2; text-align: start; text-indent: 0px; text-transform: none; widows: 2; word-spacing: 0px; -webkit-text-stroke-width: 0px; white-space: normal; text-decoration-thickness: initial; text-decoration-style: initial; text-decoration-color: initial; border: 0px solid var(--color-gray-200,currentcolor);\">\n<p>O Tribunal de Contas da Uni\u00e3o (TCU) fez auditoria para avaliar o Programa Mais M\u00e9dicos (PMM), com \u00eanfase no Projeto Mais M\u00e9dicos para o Brasil (PMMB).<\/p>\n<p>O PMMB tem como objetivo\u00a0<strong>levar m\u00e9dicos para \u00e1reas onde \u00e9 dif\u00edcil fix\u00e1-los,<\/strong>\u00a0buscando reduzir desigualdades regionais e\u00a0<strong>fortalecer os servi\u00e7os b\u00e1sicos de sa\u00fade,<\/strong>\u00a0conhecidos como Aten\u00e7\u00e3o Prim\u00e1ria \u00e0 Sa\u00fade (APS). Entre os anos de 2018 e 2024, foram investidos no programa cerca R$ 20,2 bilh\u00f5es. O trabalho do Tribunal analisou como a pol\u00edtica foi planejada, implementada e avaliada, utilizando 21 quest\u00f5es de auditoria e diversas normas como base para essa avalia\u00e7\u00e3o.<\/p>\n<p>A auditoria identificou cinco problemas principais no Programa Mais M\u00e9dicos:<\/p>\n<ol>\n<li><strong>Diagn\u00f3stico incompleto<\/strong>\u00a0&#8211; N\u00e3o ficou comprovado de forma clara que, em 2023, havia dificuldade para levar e manter m\u00e9dicos em \u00e1reas vulner\u00e1veis.<\/li>\n<\/ol>\n<ol>\n<li><strong>Falta de an\u00e1lise de alternativas<\/strong>\u00a0&#8211; N\u00e3o foram estudadas outras op\u00e7\u00f5es antes de reativar o programa.<\/li>\n<\/ol>\n<ol>\n<li><strong>Objetivos e metas limitados<\/strong>\u00a0&#8211; Os objetivos legais s\u00e3o gen\u00e9ricos, as metas se restringem ao n\u00famero de vagas e n\u00e3o h\u00e1 indicadores que mostrem o impacto real na popula\u00e7\u00e3o.<\/li>\n<\/ol>\n<ol>\n<li><strong>Problemas nos indicadores<\/strong>\u00a0&#8211; Os indicadores de efici\u00eancia e efetividade n\u00e3o t\u00eam metas definidas nem periodicidade para avalia\u00e7\u00e3o, al\u00e9m de faltar an\u00e1lise de custo-benef\u00edcio.<\/li>\n<\/ol>\n<ol>\n<li><strong>Gest\u00e3o de riscos deficiente<\/strong>\u00a0&#8211; O Minist\u00e9rio da Sa\u00fade n\u00e3o incluiu o PMM como prioridade em sua pol\u00edtica de gest\u00e3o de riscos e n\u00e3o criou um plano espec\u00edfico para lidar com poss\u00edveis problemas.<\/li>\n<\/ol>\n<p>A an\u00e1lise feita pelo TCU mostrou que a\u00a0<strong>coordena\u00e7\u00e3o e o monitoramento do programa est\u00e3o funcionando bem, mas h\u00e1 problemas importantes em outras \u00e1reas,<\/strong>\u00a0como: entender melhor o problema, avaliar outras op\u00e7\u00f5es, definir metas claras, medir o custo-benef\u00edcio e gerenciar riscos.\u00a0<strong>Esses problemas n\u00e3o constituem ilegalidade, mas podem tornar o uso dos recursos p\u00fablicos menos eficientes e menos transparentes.<\/strong><\/p>\n<p>Diante disso, o TCU recomendou ao Minist\u00e9rio da Sa\u00fade que:<\/p>\n<ol>\n<li>Melhore o diagn\u00f3stico inicial do problema.<\/li>\n<\/ol>\n<ol>\n<li>Avalie outras formas de interven\u00e7\u00e3o.<\/li>\n<\/ol>\n<ol>\n<li>Redesenhe o programa com objetivos, metas e indicadores mais claros e completos.<\/li>\n<\/ol>\n<ol>\n<li>Crie um processo formal de gest\u00e3o de riscos para o programa.<\/li>\n<\/ol>\n<p>A implementa\u00e7\u00e3o das recomenda\u00e7\u00f5es propostas pelo Tribunal vai ajudar a tornar o uso dos recursos mais transparente, mais bem planejado e com resultados mais claros. Isso est\u00e1 de acordo com os princ\u00edpios de efici\u00eancia e transpar\u00eancia exigidos pela Constitui\u00e7\u00e3o Federal e pelas regras que orientam a Administra\u00e7\u00e3o P\u00fablica.<\/p>\n<p>O relator do processo \u00e9 o ministro Jhonatan de Jesus.<\/p>\n<\/div>\n<div class=\"flex flex-col items-start gap-0 [&amp;&gt;p:last-child]:mb-0 w-full text-body news-content\" style=\"box-sizing: border-box; margin: 0px; padding: 0px; border-image: initial; display: flex; width: 768px; flex-direction: column; align-items: flex-start; color: #030712; gap: calc(var(--spacing)*0); font-family: 'Libre Franklin', 'Libre Franklin Fallback'; font-size: medium; font-style: normal; font-variant-ligatures: normal; font-variant-caps: normal; font-weight: 400; letter-spacing: normal; orphans: 2; text-align: start; text-indent: 0px; text-transform: none; widows: 2; word-spacing: 0px; -webkit-text-stroke-width: 0px; white-space: normal; text-decoration-thickness: initial; text-decoration-style: initial; text-decoration-color: initial; border: 0px solid var(--color-gray-200,currentcolor);\">\n<p><strong>&#8212;&#8212;&#8212;&#8212;&#8212;&#8212;&#8212;&#8212;&#8212;&#8212;&#8212;&#8212;&#8212;&#8212;&#8212;&#8212;&#8212;&#8212;&#8212;&#8212;&#8212;&#8212;&#8212;&#8212;&#8211;<\/strong><\/p>\n<p><strong>SERVI\u00c7O<\/strong><\/p>\n<p>Leia a \u00edntegra da decis\u00e3o:<a href=\"https:\/\/portal.tcu.gov.br\/data\/files\/82\/00\/3A\/E6\/68B88910A0551289F18818A8\/documentos%20_95_%20_2_.pdf\">\u00a0Ac\u00f3rd\u00e3o 1764\/2025 \u2013 Plen\u00e1rio<\/a><\/p>\n<p>Processo:\u00a0<a href=\"https:\/\/pesquisa.apps.tcu.gov.br\/documento\/processo\/*\/NUMEROSOMENTENUMEROS%253A2610920247\/DTAUTUACAOORDENACAO%2520desc%252C%2520NUMEROCOMZEROS%2520desc\/0\">TC 026.109\/2024-7<\/a><\/p>\n<\/div>\n","protected":false},"excerpt":{"rendered":"<p>O Tribunal de Contas da Uni\u00e3o (TCU) fez auditoria para avaliar o Programa Mais M\u00e9dicos (PMM), com \u00eanfase no Projeto Mais M\u00e9dicos para o Brasil (PMMB). O PMMB tem como objetivo\u00a0levar m\u00e9dicos para \u00e1reas onde \u00e9 dif\u00edcil fix\u00e1-los,\u00a0buscando reduzir desigualdades regionais e\u00a0fortalecer os servi\u00e7os b\u00e1sicos de sa\u00fade,\u00a0conhecidos como Aten\u00e7\u00e3o Prim\u00e1ria \u00e0 Sa\u00fade (APS). Entre os &hellip;<\/p>\n","protected":false},"author":1,"featured_media":100822,"comment_status":"open","ping_status":"open","sticky":false,"template":"","format":"standard","meta":{"footnotes":""},"categories":[2],"tags":[],"class_list":["post-135627","post","type-post","status-publish","format-standard","has-post-thumbnail","hentry","category-saude"],"_links":{"self":[{"href":"https:\/\/iparaiba.com.br\/index.php\/wp-json\/wp\/v2\/posts\/135627","targetHints":{"allow":["GET"]}}],"collection":[{"href":"https:\/\/iparaiba.com.br\/index.php\/wp-json\/wp\/v2\/posts"}],"about":[{"href":"https:\/\/iparaiba.com.br\/index.php\/wp-json\/wp\/v2\/types\/post"}],"author":[{"embeddable":true,"href":"https:\/\/iparaiba.com.br\/index.php\/wp-json\/wp\/v2\/users\/1"}],"replies":[{"embeddable":true,"href":"https:\/\/iparaiba.com.br\/index.php\/wp-json\/wp\/v2\/comments?post=135627"}],"version-history":[{"count":0,"href":"https:\/\/iparaiba.com.br\/index.php\/wp-json\/wp\/v2\/posts\/135627\/revisions"}],"wp:featuredmedia":[{"embeddable":true,"href":"https:\/\/iparaiba.com.br\/index.php\/wp-json\/wp\/v2\/media\/100822"}],"wp:attachment":[{"href":"https:\/\/iparaiba.com.br\/index.php\/wp-json\/wp\/v2\/media?parent=135627"}],"wp:term":[{"taxonomy":"category","embeddable":true,"href":"https:\/\/iparaiba.com.br\/index.php\/wp-json\/wp\/v2\/categories?post=135627"},{"taxonomy":"post_tag","embeddable":true,"href":"https:\/\/iparaiba.com.br\/index.php\/wp-json\/wp\/v2\/tags?post=135627"}],"curies":[{"name":"wp","href":"https:\/\/api.w.org\/{rel}","templated":true}]}}