{"id":135624,"date":"2025-08-13T16:14:44","date_gmt":"2025-08-13T19:14:44","guid":{"rendered":"https:\/\/onordeste.com.br\/?p=135624"},"modified":"2025-08-13T16:14:44","modified_gmt":"2025-08-13T19:14:44","slug":"entidades-acionam-justica-contra-normas-que-banem-pit-bulls","status":"publish","type":"post","link":"https:\/\/iparaiba.com.br\/index.php\/2025\/08\/13\/entidades-acionam-justica-contra-normas-que-banem-pit-bulls\/","title":{"rendered":"Entidades acionam Justi\u00e7a contra normas que banem pit bulls"},"content":{"rendered":"<p>Duas entidades de defesa dos animais acionaram o Supremo Tribunal Federal (STF) contra normas que pro\u00edbem a cria\u00e7\u00e3o e a comercializa\u00e7\u00e3o de c\u00e3es da ra\u00e7a\u00a0<em>pit bull<\/em>\u00a0e de seus cruzamentos no Estado de Santa Catarina. A A\u00e7\u00e3o Direta de Inconstitucionalidade\u00a0<strong><a href=\"https:\/\/portal.stf.jus.br\/processos\/detalhe.asp?incidente=7330443\" target=\"_blank\" rel=\"noreferrer noopener\">(ADI) 7858<\/a><\/strong>\u00a0foi distribu\u00edda ao ministro Andr\u00e9 Mendon\u00e7a, que j\u00e1 relata outro processo sobre o assunto.<\/p>\n<p>As autoras da a\u00e7\u00e3o \u2014 Associa\u00e7\u00e3o Brasileira da Ind\u00fastria de Produtos para Animais de Estima\u00e7\u00e3o (Abinpet) e Instituto Pet Brasil \u2014 sustentam que o Decreto 1.047\/2025 e a Lei estadual 14.207\/2007 violam a Constitui\u00e7\u00e3o Federal ao discriminar ra\u00e7as sem base cient\u00edfica, restringir a posse de c\u00e3es, impor obriga\u00e7\u00f5es sem respaldo t\u00e9cnico e exigir castra\u00e7\u00e3o obrigat\u00f3ria sem avalia\u00e7\u00e3o cl\u00ednica individual. Alegam ainda que o decreto invade compet\u00eancia da Uni\u00e3o ao legislar sobre tema de direito civil ou comercial.<\/p>\n<p>Segundo as entidades, as normas catarinenses adotam uma classifica\u00e7\u00e3o gen\u00e9rica para banir inclusive ra\u00e7as reconhecidamente d\u00f3ceis e at\u00e9 menciona tipos de c\u00e3es que nem existem, o que, para elas, evidencia a falta de embasamento t\u00e9cnico da regulamenta\u00e7\u00e3o. Na semana passada, a primeira a\u00e7\u00e3o sobre o mesmo tema (ADI 7850) foi distribu\u00edda ao ministro Andr\u00e9 Mendon\u00e7a.<\/p>\n<p>STF<\/p>\n","protected":false},"excerpt":{"rendered":"<p>Duas entidades de defesa dos animais acionaram o Supremo Tribunal Federal (STF) contra normas que pro\u00edbem a cria\u00e7\u00e3o e a comercializa\u00e7\u00e3o de c\u00e3es da ra\u00e7a\u00a0pit bull\u00a0e de seus cruzamentos no Estado de Santa Catarina. A A\u00e7\u00e3o Direta de Inconstitucionalidade\u00a0(ADI) 7858\u00a0foi distribu\u00edda ao ministro Andr\u00e9 Mendon\u00e7a, que j\u00e1 relata outro processo sobre o assunto. As autoras &hellip;<\/p>\n","protected":false},"author":1,"featured_media":97369,"comment_status":"open","ping_status":"open","sticky":false,"template":"","format":"standard","meta":{"footnotes":""},"categories":[9],"tags":[],"class_list":["post-135624","post","type-post","status-publish","format-standard","has-post-thumbnail","hentry","category-justica"],"_links":{"self":[{"href":"https:\/\/iparaiba.com.br\/index.php\/wp-json\/wp\/v2\/posts\/135624","targetHints":{"allow":["GET"]}}],"collection":[{"href":"https:\/\/iparaiba.com.br\/index.php\/wp-json\/wp\/v2\/posts"}],"about":[{"href":"https:\/\/iparaiba.com.br\/index.php\/wp-json\/wp\/v2\/types\/post"}],"author":[{"embeddable":true,"href":"https:\/\/iparaiba.com.br\/index.php\/wp-json\/wp\/v2\/users\/1"}],"replies":[{"embeddable":true,"href":"https:\/\/iparaiba.com.br\/index.php\/wp-json\/wp\/v2\/comments?post=135624"}],"version-history":[{"count":1,"href":"https:\/\/iparaiba.com.br\/index.php\/wp-json\/wp\/v2\/posts\/135624\/revisions"}],"predecessor-version":[{"id":135654,"href":"https:\/\/iparaiba.com.br\/index.php\/wp-json\/wp\/v2\/posts\/135624\/revisions\/135654"}],"wp:featuredmedia":[{"embeddable":true,"href":"https:\/\/iparaiba.com.br\/index.php\/wp-json\/wp\/v2\/media\/97369"}],"wp:attachment":[{"href":"https:\/\/iparaiba.com.br\/index.php\/wp-json\/wp\/v2\/media?parent=135624"}],"wp:term":[{"taxonomy":"category","embeddable":true,"href":"https:\/\/iparaiba.com.br\/index.php\/wp-json\/wp\/v2\/categories?post=135624"},{"taxonomy":"post_tag","embeddable":true,"href":"https:\/\/iparaiba.com.br\/index.php\/wp-json\/wp\/v2\/tags?post=135624"}],"curies":[{"name":"wp","href":"https:\/\/api.w.org\/{rel}","templated":true}]}}