{"id":135612,"date":"2025-08-12T19:07:07","date_gmt":"2025-08-12T22:07:07","guid":{"rendered":"https:\/\/onordeste.com.br\/?p=135612"},"modified":"2025-08-12T19:07:07","modified_gmt":"2025-08-12T22:07:07","slug":"mds-esclarece-agentes-do-suas-nao-realizam-visitas-domiciliares-para-negar-beneficios-sociais","status":"publish","type":"post","link":"https:\/\/iparaiba.com.br\/index.php\/2025\/08\/12\/mds-esclarece-agentes-do-suas-nao-realizam-visitas-domiciliares-para-negar-beneficios-sociais\/","title":{"rendered":"MDS esclarece: agentes do SUAS n\u00e3o realizam visitas domiciliares para negar benef\u00edcios sociais"},"content":{"rendered":"<div class=\"texto-conteudo\">\n<div>\n<p>O Minist\u00e9rio do Desenvolvimento e Assist\u00eancia Social, Fam\u00edlia e Combate \u00e0 Fome (MDS) esclarece que o v\u00eddeo que circula nas redes sociais sobre o procedimento de visita a domic\u00edlio, cuja a avalia\u00e7\u00e3o determina se o benef\u00edcio social ser\u00e1 negado ou n\u00e3o ao cidad\u00e3o, n\u00e3o \u00e9 uma a\u00e7\u00e3o de agentes do Sistema \u00danico de Assist\u00eancia Social (SUAS). Ocorre por meio de outros \u00f3rg\u00e3os e apenas quando o benefici\u00e1rio aciona a justi\u00e7a para ter acesso aos benef\u00edcios.<\/p>\n<p>As visitas domiciliares realizadas pelos trabalhadores das unidades do SUAS t\u00eam como \u00fanico objetivo a coleta de informa\u00e7\u00f5es para o Cadastro \u00danico, por meio da estrat\u00e9gia de Busca Ativa, que visa localizar e incluir todas as fam\u00edlias de baixa renda no Cad\u00danico e atualizar os dados j\u00e1 cadastrados.<\/p>\n<p>As estrat\u00e9gias seguem estritamente os princ\u00edpios t\u00e9cnicos e \u00e9ticos, pautadas no respeito aos direitos humanos e na prote\u00e7\u00e3o social. N\u00e3o se trata de visitas de fiscaliza\u00e7\u00e3o, mas de um momento de di\u00e1logo com o cidad\u00e3o, com o objetivo de reunir dados que qualificam o cadastro e possibilitam o acesso a benef\u00edcios e programas sociais, como o Benef\u00edcio de Presta\u00e7\u00e3o Continuada (BPC) e o Bolsa Fam\u00edlia.<\/p>\n<p>No caso das pessoas que moram sozinhas (fam\u00edlias unipessoais), conforme estabelece a Lei Federal n\u00ba 15.077 de 2024, o atendimento \u00e9 realizado no domic\u00edlio por entrevistadores sociais, que registram a autodeclara\u00e7\u00e3o do morador sobre sua composi\u00e7\u00e3o familiar e verificam, de forma objetiva e respeitosa, as condi\u00e7\u00f5es gerais de moradia, sem qualquer inspe\u00e7\u00e3o de c\u00f4modos ou invas\u00e3o de privacidade.<\/p>\n<p>O MDS refor\u00e7a que a coleta das informa\u00e7\u00f5es \u00e9 feita diretamente com a pessoa entrevistada, de maneira transparente, garantindo sigilo e preservando sua dignidade. Esses princ\u00edpios s\u00e3o inegoci\u00e1veis na condu\u00e7\u00e3o da pol\u00edtica de Assist\u00eancia Social, do Cadastro \u00danico e de seus programas vinculados.<\/p>\n<h4><strong>Verifique a fonte<\/strong><\/h4>\n<p>Al\u00e9m das puni\u00e7\u00f5es legais, quem compartilha fake news pode enfrentar a\u00e7\u00f5es civis, como pagamento de indeniza\u00e7\u00f5es por danos morais. \u00c9 essencial verificar a veracidade das informa\u00e7\u00f5es antes de compartilh\u00e1-las.<\/p>\n<p>O Minist\u00e9rio orienta que, em caso de d\u00favidas, o cidad\u00e3o deve procurar a Ouvidoria pelo Disque Social 121 ou buscar informa\u00e7\u00f5es nos canais oficiais, como o portal e as redes sociais do MDS.<br \/>\n<a class=\"materia-original\" href=\"https:\/\/www.gov.br\/mds\/pt-br\/noticias-e-conteudos\/desenvolvimento-social\/noticias-desenvolvimento-social\/mds-esclarece-que-agentes-do-suas-nao-realizam-visitas-domiciliares-para-negar-beneficios-sociais\" target=\"_blank\" rel=\"noopener\">Link: https:\/\/www.gov.br\/mds\/pt-br\/noticias-e-conteudos\/desenvolvimento-social\/noticias-desenvolvimento-social\/mds-esclarece-que-agentes-do-suas-nao-realizam-visitas-domiciliares-para-negar-beneficios-sociais<\/a><\/p>\n<\/div>\n<\/div>\n","protected":false},"excerpt":{"rendered":"<p>O Minist\u00e9rio do Desenvolvimento e Assist\u00eancia Social, Fam\u00edlia e Combate \u00e0 Fome (MDS) esclarece que o v\u00eddeo que circula nas redes sociais sobre o procedimento de visita a domic\u00edlio, cuja a avalia\u00e7\u00e3o determina se o benef\u00edcio social ser\u00e1 negado ou n\u00e3o ao cidad\u00e3o, n\u00e3o \u00e9 uma a\u00e7\u00e3o de agentes do Sistema \u00danico de Assist\u00eancia Social &hellip;<\/p>\n","protected":false},"author":1,"featured_media":123174,"comment_status":"open","ping_status":"open","sticky":false,"template":"","format":"standard","meta":{"footnotes":""},"categories":[15],"tags":[],"class_list":["post-135612","post","type-post","status-publish","format-standard","has-post-thumbnail","hentry","category-links"],"_links":{"self":[{"href":"https:\/\/iparaiba.com.br\/index.php\/wp-json\/wp\/v2\/posts\/135612","targetHints":{"allow":["GET"]}}],"collection":[{"href":"https:\/\/iparaiba.com.br\/index.php\/wp-json\/wp\/v2\/posts"}],"about":[{"href":"https:\/\/iparaiba.com.br\/index.php\/wp-json\/wp\/v2\/types\/post"}],"author":[{"embeddable":true,"href":"https:\/\/iparaiba.com.br\/index.php\/wp-json\/wp\/v2\/users\/1"}],"replies":[{"embeddable":true,"href":"https:\/\/iparaiba.com.br\/index.php\/wp-json\/wp\/v2\/comments?post=135612"}],"version-history":[{"count":1,"href":"https:\/\/iparaiba.com.br\/index.php\/wp-json\/wp\/v2\/posts\/135612\/revisions"}],"predecessor-version":[{"id":135648,"href":"https:\/\/iparaiba.com.br\/index.php\/wp-json\/wp\/v2\/posts\/135612\/revisions\/135648"}],"wp:featuredmedia":[{"embeddable":true,"href":"https:\/\/iparaiba.com.br\/index.php\/wp-json\/wp\/v2\/media\/123174"}],"wp:attachment":[{"href":"https:\/\/iparaiba.com.br\/index.php\/wp-json\/wp\/v2\/media?parent=135612"}],"wp:term":[{"taxonomy":"category","embeddable":true,"href":"https:\/\/iparaiba.com.br\/index.php\/wp-json\/wp\/v2\/categories?post=135612"},{"taxonomy":"post_tag","embeddable":true,"href":"https:\/\/iparaiba.com.br\/index.php\/wp-json\/wp\/v2\/tags?post=135612"}],"curies":[{"name":"wp","href":"https:\/\/api.w.org\/{rel}","templated":true}]}}