{"id":135610,"date":"2025-08-12T17:06:06","date_gmt":"2025-08-12T20:06:06","guid":{"rendered":"https:\/\/onordeste.com.br\/?p=135610"},"modified":"2025-08-12T17:06:06","modified_gmt":"2025-08-12T20:06:06","slug":"onu-aprova-planos-de-seguranca-mobilidade-e-saude-para-a-cop-30","status":"publish","type":"post","link":"https:\/\/iparaiba.com.br\/index.php\/2025\/08\/12\/onu-aprova-planos-de-seguranca-mobilidade-e-saude-para-a-cop-30\/","title":{"rendered":"ONU aprova planos de seguran\u00e7a, mobilidade e sa\u00fade para a COP 30"},"content":{"rendered":"<p>A comitiva do Departamento de Salvaguarda e Seguran\u00e7a das Na\u00e7\u00f5es Unidas (UNDSS) aprovou os planos de seguran\u00e7a, sa\u00fade e mobilidade apresentados pelos governos Federal, estadual e municipal para a 30\u00aa Confer\u00eancia das Na\u00e7\u00f5es Unidas sobre Mudan\u00e7a do Clima (COP30), que ser\u00e1 realizada em novembro, em Bel\u00e9m.<\/p>\n<p>Entre os dias 6 e 8 de agosto, o grupo de especialistas da UNDSS realizou inspe\u00e7\u00f5es nos locais que sediar\u00e3o a COP30, al\u00e9m de hospedagens, sistemas de transporte, estruturas de sa\u00fade e seguran\u00e7a. O objetivo foi avaliar a prepara\u00e7\u00e3o da cidade para receber os milhares de participantes esperados para a confer\u00eancia.<\/p>\n<p>&#8220;\u00c9 gratificante ver a aprova\u00e7\u00e3o do esfor\u00e7o coletivo de todos, ao ouvir a ONU parabenizando e aprovando os planos de seguran\u00e7a, sa\u00fade e mobilidade, elogiando todas as a\u00e7\u00f5es apresentadas. Tudo isso \u00e9 fruto do trabalho integrado que constru\u00edmos, n\u00f3s do Governo do Par\u00e1, com o Governo Federal e a Prefeitura de Bel\u00e9m para que em novembro tenhamos a melhor COP30 j\u00e1 feita, com organiza\u00e7\u00e3o e seguran\u00e7a aos participantes\u201d, destacou a vice-governadora Hana Ghassan.<\/p>\n<p>Participaram das reuni\u00f5es \u00f3rg\u00e3os de seguran\u00e7a, sa\u00fade e mobilidade dos Governos Federal e estadual e da Prefeitura de Bel\u00e9m. Todos apresentaram seus planos de a\u00e7\u00e3o, de forma individual e integrada, com seus respectivos pares nas tr\u00eas esferas. No campo da seguran\u00e7a p\u00fablica, atuam conjuntamente<\/p>\n<p>Pol\u00edcia Federal, Pol\u00edcia Rodovi\u00e1ria Federal, Gabinete de Seguran\u00e7a Institucional, Ex\u00e9rcito Brasileiro, Secretaria de Seguran\u00e7a P\u00fablica e Defesa Social do Par\u00e1 (Segup) e Secretaria de Seguran\u00e7a de Bel\u00e9m (Segbel). Mais de 10 mil agentes e militares estar\u00e3o mobilizados para o evento.<\/p>\n","protected":false},"excerpt":{"rendered":"<p>A comitiva do Departamento de Salvaguarda e Seguran\u00e7a das Na\u00e7\u00f5es Unidas (UNDSS) aprovou os planos de seguran\u00e7a, sa\u00fade e mobilidade apresentados pelos governos Federal, estadual e municipal para a 30\u00aa Confer\u00eancia das Na\u00e7\u00f5es Unidas sobre Mudan\u00e7a do Clima (COP30), que ser\u00e1 realizada em novembro, em Bel\u00e9m. Entre os dias 6 e 8 de agosto, o &hellip;<\/p>\n","protected":false},"author":1,"featured_media":98396,"comment_status":"open","ping_status":"open","sticky":false,"template":"","format":"standard","meta":{"footnotes":""},"categories":[6],"tags":[],"class_list":["post-135610","post","type-post","status-publish","format-standard","has-post-thumbnail","hentry","category-destaques"],"_links":{"self":[{"href":"https:\/\/iparaiba.com.br\/index.php\/wp-json\/wp\/v2\/posts\/135610","targetHints":{"allow":["GET"]}}],"collection":[{"href":"https:\/\/iparaiba.com.br\/index.php\/wp-json\/wp\/v2\/posts"}],"about":[{"href":"https:\/\/iparaiba.com.br\/index.php\/wp-json\/wp\/v2\/types\/post"}],"author":[{"embeddable":true,"href":"https:\/\/iparaiba.com.br\/index.php\/wp-json\/wp\/v2\/users\/1"}],"replies":[{"embeddable":true,"href":"https:\/\/iparaiba.com.br\/index.php\/wp-json\/wp\/v2\/comments?post=135610"}],"version-history":[{"count":1,"href":"https:\/\/iparaiba.com.br\/index.php\/wp-json\/wp\/v2\/posts\/135610\/revisions"}],"predecessor-version":[{"id":135647,"href":"https:\/\/iparaiba.com.br\/index.php\/wp-json\/wp\/v2\/posts\/135610\/revisions\/135647"}],"wp:featuredmedia":[{"embeddable":true,"href":"https:\/\/iparaiba.com.br\/index.php\/wp-json\/wp\/v2\/media\/98396"}],"wp:attachment":[{"href":"https:\/\/iparaiba.com.br\/index.php\/wp-json\/wp\/v2\/media?parent=135610"}],"wp:term":[{"taxonomy":"category","embeddable":true,"href":"https:\/\/iparaiba.com.br\/index.php\/wp-json\/wp\/v2\/categories?post=135610"},{"taxonomy":"post_tag","embeddable":true,"href":"https:\/\/iparaiba.com.br\/index.php\/wp-json\/wp\/v2\/tags?post=135610"}],"curies":[{"name":"wp","href":"https:\/\/api.w.org\/{rel}","templated":true}]}}