{"id":135608,"date":"2025-08-12T13:00:21","date_gmt":"2025-08-12T16:00:21","guid":{"rendered":"https:\/\/onordeste.com.br\/?p=135608"},"modified":"2025-08-12T13:00:21","modified_gmt":"2025-08-12T16:00:21","slug":"pf-e-pm-apreendem-mais-de-meia-tonelada-de-drogas","status":"publish","type":"post","link":"https:\/\/iparaiba.com.br\/index.php\/2025\/08\/12\/pf-e-pm-apreendem-mais-de-meia-tonelada-de-drogas\/","title":{"rendered":"PF e PM apreendem mais de meia tonelada de drogas"},"content":{"rendered":"<p data-start=\"56\" data-end=\"239\"><strong>Bras\u00edlia\/DF.<\/strong>\u00a0A Pol\u00edcia Federal e a Pol\u00edcia Militar do Distrito Federal, por interm\u00e9dio do Patrulhamento T\u00e1tico M\u00f3vel (PATAMO), apreenderam, na noite de s\u00e1bado (9\/8), mais de meia tonelada de drogas em Taguatinga\/DF.<\/p>\n<p data-start=\"507\" data-end=\"780\">A a\u00e7\u00e3o conjunta resultou na pris\u00e3o em flagrante de seis pessoas. O entorpecente apreendido foi encaminhado \u00e0 Pol\u00edcia Federal, onde os envolvidos foram autuados pelos crimes de tr\u00e1fico de drogas e associa\u00e7\u00e3o para o tr\u00e1fico.<\/p>\n<p data-start=\"782\" data-end=\"876\"><em>Comunica\u00e7\u00e3o Social da Pol\u00edcia Federal no DF<\/em><\/p>\n","protected":false},"excerpt":{"rendered":"<p>Bras\u00edlia\/DF.\u00a0A Pol\u00edcia Federal e a Pol\u00edcia Militar do Distrito Federal, por interm\u00e9dio do Patrulhamento T\u00e1tico M\u00f3vel (PATAMO), apreenderam, na noite de s\u00e1bado (9\/8), mais de meia tonelada de drogas em Taguatinga\/DF. A a\u00e7\u00e3o conjunta resultou na pris\u00e3o em flagrante de seis pessoas. O entorpecente apreendido foi encaminhado \u00e0 Pol\u00edcia Federal, onde os envolvidos foram autuados &hellip;<\/p>\n","protected":false},"author":1,"featured_media":123379,"comment_status":"open","ping_status":"open","sticky":false,"template":"","format":"standard","meta":{"footnotes":""},"categories":[6],"tags":[],"class_list":["post-135608","post","type-post","status-publish","format-standard","has-post-thumbnail","hentry","category-destaques"],"_links":{"self":[{"href":"https:\/\/iparaiba.com.br\/index.php\/wp-json\/wp\/v2\/posts\/135608","targetHints":{"allow":["GET"]}}],"collection":[{"href":"https:\/\/iparaiba.com.br\/index.php\/wp-json\/wp\/v2\/posts"}],"about":[{"href":"https:\/\/iparaiba.com.br\/index.php\/wp-json\/wp\/v2\/types\/post"}],"author":[{"embeddable":true,"href":"https:\/\/iparaiba.com.br\/index.php\/wp-json\/wp\/v2\/users\/1"}],"replies":[{"embeddable":true,"href":"https:\/\/iparaiba.com.br\/index.php\/wp-json\/wp\/v2\/comments?post=135608"}],"version-history":[{"count":1,"href":"https:\/\/iparaiba.com.br\/index.php\/wp-json\/wp\/v2\/posts\/135608\/revisions"}],"predecessor-version":[{"id":135646,"href":"https:\/\/iparaiba.com.br\/index.php\/wp-json\/wp\/v2\/posts\/135608\/revisions\/135646"}],"wp:featuredmedia":[{"embeddable":true,"href":"https:\/\/iparaiba.com.br\/index.php\/wp-json\/wp\/v2\/media\/123379"}],"wp:attachment":[{"href":"https:\/\/iparaiba.com.br\/index.php\/wp-json\/wp\/v2\/media?parent=135608"}],"wp:term":[{"taxonomy":"category","embeddable":true,"href":"https:\/\/iparaiba.com.br\/index.php\/wp-json\/wp\/v2\/categories?post=135608"},{"taxonomy":"post_tag","embeddable":true,"href":"https:\/\/iparaiba.com.br\/index.php\/wp-json\/wp\/v2\/tags?post=135608"}],"curies":[{"name":"wp","href":"https:\/\/api.w.org\/{rel}","templated":true}]}}