{"id":135602,"date":"2025-08-12T06:00:22","date_gmt":"2025-08-12T09:00:22","guid":{"rendered":"https:\/\/onordeste.com.br\/?p=135602"},"modified":"2025-08-12T06:00:22","modified_gmt":"2025-08-12T09:00:22","slug":"pbgas-reduz-preco-do-gas-canalizado-em-43","status":"publish","type":"post","link":"https:\/\/iparaiba.com.br\/index.php\/2025\/08\/12\/pbgas-reduz-preco-do-gas-canalizado-em-43\/","title":{"rendered":"PBG\u00e1s reduz pre\u00e7o do g\u00e1s canalizado em 4,3%"},"content":{"rendered":"<p>O G\u00e1s Natural canalizado na Para\u00edba ter\u00e1 uma redu\u00e7\u00e3o m\u00e9dia de R$ 0,1360 por m\u00b3, neste m\u00eas de agosto. O valor representa um decr\u00e9scimo de 4,3% na tarifa, o que melhora a competitividade do mercado industrial, residencial, comercial e beneficia os motoristas que utilizam o G\u00e1s Natural Veicular (GNV).<\/p>\n<p>A nova tabela tarif\u00e1ria do g\u00e1s natural apresentada pela Companhia Paraibana de G\u00e1s (PBG\u00e1s) foi aprovada pela Ag\u00eancia de Regula\u00e7\u00e3o do Estado da Para\u00edba (ARPB), em portaria publicada na edi\u00e7\u00e3o desta quinta-feira (7) do Di\u00e1rio Oficial do Estado (DOE).<\/p>\n<p>Com isso, a partir desta quinta-feira, haver\u00e1 uma redu\u00e7\u00e3o de 4,5% na tarifa do G\u00e1s Natural Veicular (GNV), de 4,9% no G\u00e1s Natural Comprimido (GNC), de 7% para o setor comercial, 3,8% para o industrial e 2,4% para o residencial, por exemplo.<\/p>\n<p>O governador Jo\u00e3o Azev\u00eado destacou que essa \u00e9 mais uma medida importante para a economia, para o bolso do consumidor e para estimular a competitividade das empresas instaladas na Para\u00edba. \u201cCom isso, as empresas poder\u00e3o reinvestir essa economia na contrata\u00e7\u00e3o de pessoas, trazendo um benef\u00edcio importante para a ind\u00fastria e o com\u00e9rcio, e gerando esse ambiente favor\u00e1vel a atra\u00e7\u00e3o de novos investimentos\u201d , afirmou Jo\u00e3o Azev\u00eado.<\/p>\n<p>De acordo com o diretor presidente da PBG\u00e1s, Jailson Galv\u00e3o, a carteira de suprimentos da companhia \u00e9 composta por tr\u00eas fornecedores do g\u00e1s recebido na Para\u00edba, sendo 59% da Petrobras, 34% da Shell e 7% da Galp. Ele destaca a import\u00e2ncia da redu\u00e7\u00e3o do pre\u00e7o para a competitividade do energ\u00e9tico e explicou que a nova composi\u00e7\u00e3o tarif\u00e1ria representa o \u201cmix\u201d obtido a partir dos crit\u00e9rios de cada contrato de suprimento de g\u00e1s e dos par\u00e2metros da planilha geral de composi\u00e7\u00e3o.<\/p>\n","protected":false},"excerpt":{"rendered":"<p>O G\u00e1s Natural canalizado na Para\u00edba ter\u00e1 uma redu\u00e7\u00e3o m\u00e9dia de R$ 0,1360 por m\u00b3, neste m\u00eas de agosto. O valor representa um decr\u00e9scimo de 4,3% na tarifa, o que melhora a competitividade do mercado industrial, residencial, comercial e beneficia os motoristas que utilizam o G\u00e1s Natural Veicular (GNV). A nova tabela tarif\u00e1ria do g\u00e1s &hellip;<\/p>\n","protected":false},"author":1,"featured_media":107165,"comment_status":"open","ping_status":"open","sticky":false,"template":"","format":"standard","meta":{"footnotes":""},"categories":[18],"tags":[],"class_list":["post-135602","post","type-post","status-publish","format-standard","has-post-thumbnail","hentry","category-brasil"],"_links":{"self":[{"href":"https:\/\/iparaiba.com.br\/index.php\/wp-json\/wp\/v2\/posts\/135602","targetHints":{"allow":["GET"]}}],"collection":[{"href":"https:\/\/iparaiba.com.br\/index.php\/wp-json\/wp\/v2\/posts"}],"about":[{"href":"https:\/\/iparaiba.com.br\/index.php\/wp-json\/wp\/v2\/types\/post"}],"author":[{"embeddable":true,"href":"https:\/\/iparaiba.com.br\/index.php\/wp-json\/wp\/v2\/users\/1"}],"replies":[{"embeddable":true,"href":"https:\/\/iparaiba.com.br\/index.php\/wp-json\/wp\/v2\/comments?post=135602"}],"version-history":[{"count":1,"href":"https:\/\/iparaiba.com.br\/index.php\/wp-json\/wp\/v2\/posts\/135602\/revisions"}],"predecessor-version":[{"id":135641,"href":"https:\/\/iparaiba.com.br\/index.php\/wp-json\/wp\/v2\/posts\/135602\/revisions\/135641"}],"wp:featuredmedia":[{"embeddable":true,"href":"https:\/\/iparaiba.com.br\/index.php\/wp-json\/wp\/v2\/media\/107165"}],"wp:attachment":[{"href":"https:\/\/iparaiba.com.br\/index.php\/wp-json\/wp\/v2\/media?parent=135602"}],"wp:term":[{"taxonomy":"category","embeddable":true,"href":"https:\/\/iparaiba.com.br\/index.php\/wp-json\/wp\/v2\/categories?post=135602"},{"taxonomy":"post_tag","embeddable":true,"href":"https:\/\/iparaiba.com.br\/index.php\/wp-json\/wp\/v2\/tags?post=135602"}],"curies":[{"name":"wp","href":"https:\/\/api.w.org\/{rel}","templated":true}]}}