{"id":135597,"date":"2025-08-12T09:00:10","date_gmt":"2025-08-12T12:00:10","guid":{"rendered":"https:\/\/onordeste.com.br\/?p=135592"},"modified":"2025-08-12T09:00:10","modified_gmt":"2025-08-12T12:00:10","slug":"governo-promove-ciclo-de-debates-caminhos-da-permanencia-para-fortalecimento-das-politicas-publicas-de-assistencia-estudantil","status":"publish","type":"post","link":"https:\/\/iparaiba.com.br\/index.php\/2025\/08\/12\/governo-promove-ciclo-de-debates-caminhos-da-permanencia-para-fortalecimento-das-politicas-publicas-de-assistencia-estudantil\/","title":{"rendered":"Governo promove Ciclo de Debates Caminhos da Perman\u00eancia para fortalecimento das pol\u00edticas p\u00fablicas de assist\u00eancia estudantil"},"content":{"rendered":"<p>O Governo da Para\u00edba, por meio da Secretaria de Estado da Ci\u00eancia, Tecnologia, Inova\u00e7\u00e3o e Ensino Superior (Secties), realiza, a partir da pr\u00f3xima semana at\u00e9 o dia 28 de agosto, a primeira etapa do Ciclo de Debates Caminhos da Perman\u00eancia nas Institui\u00e7\u00f5es de Ensino Superior p\u00fablicas do estado. A proposta tem como objetivo auxiliar no fortalecimento das pol\u00edticas p\u00fablicas de assist\u00eancia estudantil.<\/p>\n<p>Os encontros come\u00e7am no dia 12 de agosto, com a abertura na Universidade Estadual da Para\u00edba (UEPB), no Campus V, em Jo\u00e3o Pessoa, a partir das 9h30. Ao longo desta primeira etapa, o ciclo passar\u00e1 pelos campi I (Campina Grande), III (Guarabira), IV (Catol\u00e9 do Rocha) e VI (Patos) da UEPB e o campus I da Universidade Federal de Campina Grande (UFCG).<\/p>\n<p>O projeto \u00e9 uma parceria com as IES p\u00fablicas da Para\u00edba, visando construir um espa\u00e7o de escuta e di\u00e1logo colaborativo entre estudantes, gestores, t\u00e9cnicos e pesquisadores. Entre os assuntos a serem abordados, ter\u00e3o debates sobre inclus\u00e3o, perman\u00eancia acad\u00eamica, direitos estudantis e os desafios do cotidiano universit\u00e1rio.<\/p>\n","protected":false},"excerpt":{"rendered":"<p>O Governo da Para\u00edba, por meio da Secretaria de Estado da Ci\u00eancia, Tecnologia, Inova\u00e7\u00e3o e Ensino Superior (Secties), realiza, a partir da pr\u00f3xima semana at\u00e9 o dia 28 de agosto, a primeira etapa do Ciclo de Debates Caminhos da Perman\u00eancia nas Institui\u00e7\u00f5es de Ensino Superior p\u00fablicas do estado. A proposta tem como objetivo auxiliar no &hellip;<\/p>\n","protected":false},"author":1,"featured_media":98423,"comment_status":"open","ping_status":"open","sticky":false,"template":"","format":"standard","meta":{"footnotes":""},"categories":[11],"tags":[],"class_list":["post-135597","post","type-post","status-publish","format-standard","has-post-thumbnail","hentry","category-educacao"],"_links":{"self":[{"href":"https:\/\/iparaiba.com.br\/index.php\/wp-json\/wp\/v2\/posts\/135597","targetHints":{"allow":["GET"]}}],"collection":[{"href":"https:\/\/iparaiba.com.br\/index.php\/wp-json\/wp\/v2\/posts"}],"about":[{"href":"https:\/\/iparaiba.com.br\/index.php\/wp-json\/wp\/v2\/types\/post"}],"author":[{"embeddable":true,"href":"https:\/\/iparaiba.com.br\/index.php\/wp-json\/wp\/v2\/users\/1"}],"replies":[{"embeddable":true,"href":"https:\/\/iparaiba.com.br\/index.php\/wp-json\/wp\/v2\/comments?post=135597"}],"version-history":[{"count":1,"href":"https:\/\/iparaiba.com.br\/index.php\/wp-json\/wp\/v2\/posts\/135597\/revisions"}],"predecessor-version":[{"id":135644,"href":"https:\/\/iparaiba.com.br\/index.php\/wp-json\/wp\/v2\/posts\/135597\/revisions\/135644"}],"wp:featuredmedia":[{"embeddable":true,"href":"https:\/\/iparaiba.com.br\/index.php\/wp-json\/wp\/v2\/media\/98423"}],"wp:attachment":[{"href":"https:\/\/iparaiba.com.br\/index.php\/wp-json\/wp\/v2\/media?parent=135597"}],"wp:term":[{"taxonomy":"category","embeddable":true,"href":"https:\/\/iparaiba.com.br\/index.php\/wp-json\/wp\/v2\/categories?post=135597"},{"taxonomy":"post_tag","embeddable":true,"href":"https:\/\/iparaiba.com.br\/index.php\/wp-json\/wp\/v2\/tags?post=135597"}],"curies":[{"name":"wp","href":"https:\/\/api.w.org\/{rel}","templated":true}]}}