{"id":135596,"date":"2025-08-12T06:00:37","date_gmt":"2025-08-12T09:00:37","guid":{"rendered":"https:\/\/onordeste.com.br\/?p=135590"},"modified":"2025-08-12T06:00:37","modified_gmt":"2025-08-12T09:00:37","slug":"lucas-ribeiro-entrega-tomografo-em-hospital-e-parque-para-pratica-de-esportes","status":"publish","type":"post","link":"https:\/\/iparaiba.com.br\/index.php\/2025\/08\/12\/lucas-ribeiro-entrega-tomografo-em-hospital-e-parque-para-pratica-de-esportes\/","title":{"rendered":"Lucas Ribeiro entrega tom\u00f3grafo em hospital e parque para pr\u00e1tica de esportes"},"content":{"rendered":"<p>O vice-governador Lucas Ribeiro entregou a reforma e adequa\u00e7\u00e3o do Hospital de Queimadas, interven\u00e7\u00e3o necess\u00e1ria para que a unidade pudesse receber o tom\u00f3grafo, que j\u00e1 est\u00e1 funcionando e que vai atender, al\u00e9m de Queimadas, munic\u00edpios como Aroeiras, Cabaceiras e Caturit\u00e9 (12\u00aa Regi\u00e3o), reduzindo a demanda eletiva por tomografias no Hospital de Trauma de Campina Grande, que agora pode se concentrar ainda mais nos casos de urg\u00eancia e emerg\u00eancia. Outra importante entrega foi o Parque Esta\u00e7\u00e3o Cidadania, que vai oferecer uma s\u00e9rie de modalidades esportivas aos campinenses, contribuindo para o lazer e a socializa\u00e7\u00e3o.<\/p>\n<p>O projeto de adequa\u00e7\u00e3o do Hospital de Queimadas contemplou todo o centro de imagem da unidade hospitalar que, al\u00e9m da reestrutura\u00e7\u00e3o dos espa\u00e7os j\u00e1 existentes, ganhou uma amplia\u00e7\u00e3o para poder acomodar o novo tom\u00f3grafo, que amplia e qualifica os servi\u00e7os de diagn\u00f3stico por imagem, fortalecendo a interioriza\u00e7\u00e3o da assist\u00eancia em sa\u00fade, garantindo que as pessoas sejam atendidas sem precisarem se deslocar para os grandes centros.<\/p>\n<p>Em sua fala, Lucas Ribeiro classificou a chegada do tom\u00f3grafo ao Hospital Regional de Queimadas como mais uma grande conquista da popula\u00e7\u00e3o. &#8220;A entrega de um equipamento t\u00e3o importante como esse, que descentraliza os servi\u00e7os e evita que a popula\u00e7\u00e3o de Queimadas e de outros munic\u00edpios tenha que ir at\u00e9 Campina Grande, simboliza esse grande momento que a sa\u00fade da Para\u00edba est\u00e1 vivendo. Mais cedo, visitei o Hospital da Mulher de Campina Grande, cujas obras come\u00e7aram em fevereiro do ano passado, e observei como avan\u00e7ou \u2014 ser\u00e1 o maior da Para\u00edba, com mais de 300 leitos. Isso mostra o quanto a Para\u00edba tem avan\u00e7ado, em todas as \u00e1reas, mas principalmente na sa\u00fade&#8221;, afirmou.<\/p>\n<p>O secret\u00e1rio de Estado da Sa\u00fade, Ari Reis, destacou a import\u00e2ncia do tom\u00f3grafo do Hospital Regional de Queimadas. &#8220;Com esse tom\u00f3grafo, o Hospital de Queimadas ter\u00e1 capacidade para fazer em torno de 30 exames di\u00e1rios, desafogando o Hospital de Trauma de Campina Grande e facilitando a vida da popula\u00e7\u00e3o dos demais munic\u00edpios que comp\u00f5em a 12\u00aa Regi\u00e3o de Sa\u00fade, como Aroeiras, Cabaceiras e Caturit\u00e9&#8221;, comentou.<\/p>\n<p>A prefeita de Queimadas, Del\u00fasia Barros, agradeceu a parceria da gest\u00e3o do governador Jo\u00e3o Azev\u00eado com o munic\u00edpio. &#8220;Como gestora municipal, eu estou extremamente feliz, porque esse tom\u00f3grafo n\u00e3o vai apenas beneficiar Queimadas, mas toda essa regi\u00e3o, evitando que quem precise de uma tomografia tenha de se deslocar at\u00e9 Campina Grande, causando outro grande problema, que \u00e9 a sobrecarga no Hospital de Trauma&#8221;, observou.<\/p>\n<p>O deputado estadual Jo\u00e3o Paulo tamb\u00e9m destacou a import\u00e2ncia da interioriza\u00e7\u00e3o da sa\u00fade na Para\u00edba. &#8220;A entrega desse tom\u00f3grafo para o Hospital de Queimadas, contemplando toda essa regi\u00e3o, representa o compromisso do governador Jo\u00e3o Azev\u00eado com a popula\u00e7\u00e3o paraibana. Todos estamos muito felizes em poder contribuir com uma gest\u00e3o que tem tanto zelo pelo seu povo&#8221;, comentou, ao lado do ex-deputado estadual Doda.<\/p>\n<p>O deputado federal Wilson Santiago destacou: &#8220;A nossa alegria \u00e9 muito grande. E muito mais feliz est\u00e1 a popula\u00e7\u00e3o de Queimadas. Uma a\u00e7\u00e3o desse porte melhora significativamente a vida da popula\u00e7\u00e3o. S\u00e3o a\u00e7\u00f5es que engrandecem e atendem o desejo da popula\u00e7\u00e3o&#8221;, comentou.<\/p>\n<p><b>Esta\u00e7\u00e3o Cidadania<\/b>\u00a0\u2014 O vice-governador Lucas Ribeiro realizou, tamb\u00e9m nesta sexta-feira, uma importante entrega para Campina Grande e Regi\u00e3o: o Parque Esta\u00e7\u00e3o Cidadania.<\/p>\n<p>Localizado no entorno do Est\u00e1dio Amig\u00e3o, o equipamento recebeu investimentos superiores a R$ 2,1 milh\u00f5es e vai oferecer diversas modalidades esportivas, contribuindo para o lazer e a socializa\u00e7\u00e3o, por meio de quadra de areia (v\u00f4lei e futebol), banco de concreto, espa\u00e7o de arquibancada, ciclovia, playground, academia de terceira idade e de jovens e adultos, cal\u00e7ada e paisagismo.<\/p>\n<p>&#8220;A Esta\u00e7\u00e3o Cidadania \u00e9 uma das obras que mais representam o desejo da popula\u00e7\u00e3o aqui de Campina Grande. Acabamos de entregar um tom\u00f3grafo em Queimadas. E agora, antes de mais uma Plen\u00e1ria do Or\u00e7amento Democr\u00e1tico, muito feliz em entregar um equipamento de lazer e socializa\u00e7\u00e3o, mas tamb\u00e9m que vai proporcionar sa\u00fade, pois vai fazer com que as pessoas se movimentem mais, pratiquem exerc\u00edcio&#8221;, disse Lucas, ao agradecer a C\u00e2mara Municipal de Campina.<\/p>\n<p>O secret\u00e1rio de Estado da Secretaria da Juventude, Esporte e Lazer (Sejel), Lindolfo Pires, evidenciou o compromisso do Governo da Para\u00edba com a popula\u00e7\u00e3o nessas tr\u00eas \u00e1reas. &#8220;Em torno do Amig\u00e3o, que recentemente teve o seu sistema de ilumina\u00e7\u00e3o em LED entregue, um equipamento que vai ser motivo de muito conv\u00edvio entre amigos, entre as fam\u00edlias e, acima de tudo, vai criar oportunidade para que as pessoas deixem o sedentarismo ainda mais. Ou seja, hoje tamb\u00e9m \u00e9 um dia importante para o esporte e o lazer&#8221;, destacou.<\/p>\n","protected":false},"excerpt":{"rendered":"<p>O vice-governador Lucas Ribeiro entregou a reforma e adequa\u00e7\u00e3o do Hospital de Queimadas, interven\u00e7\u00e3o necess\u00e1ria para que a unidade pudesse receber o tom\u00f3grafo, que j\u00e1 est\u00e1 funcionando e que vai atender, al\u00e9m de Queimadas, munic\u00edpios como Aroeiras, Cabaceiras e Caturit\u00e9 (12\u00aa Regi\u00e3o), reduzindo a demanda eletiva por tomografias no Hospital de Trauma de Campina Grande, &hellip;<\/p>\n","protected":false},"author":1,"featured_media":106733,"comment_status":"open","ping_status":"open","sticky":false,"template":"","format":"standard","meta":{"footnotes":""},"categories":[8],"tags":[],"class_list":["post-135596","post","type-post","status-publish","format-standard","has-post-thumbnail","hentry","category-politica"],"_links":{"self":[{"href":"https:\/\/iparaiba.com.br\/index.php\/wp-json\/wp\/v2\/posts\/135596","targetHints":{"allow":["GET"]}}],"collection":[{"href":"https:\/\/iparaiba.com.br\/index.php\/wp-json\/wp\/v2\/posts"}],"about":[{"href":"https:\/\/iparaiba.com.br\/index.php\/wp-json\/wp\/v2\/types\/post"}],"author":[{"embeddable":true,"href":"https:\/\/iparaiba.com.br\/index.php\/wp-json\/wp\/v2\/users\/1"}],"replies":[{"embeddable":true,"href":"https:\/\/iparaiba.com.br\/index.php\/wp-json\/wp\/v2\/comments?post=135596"}],"version-history":[{"count":1,"href":"https:\/\/iparaiba.com.br\/index.php\/wp-json\/wp\/v2\/posts\/135596\/revisions"}],"predecessor-version":[{"id":135642,"href":"https:\/\/iparaiba.com.br\/index.php\/wp-json\/wp\/v2\/posts\/135596\/revisions\/135642"}],"wp:featuredmedia":[{"embeddable":true,"href":"https:\/\/iparaiba.com.br\/index.php\/wp-json\/wp\/v2\/media\/106733"}],"wp:attachment":[{"href":"https:\/\/iparaiba.com.br\/index.php\/wp-json\/wp\/v2\/media?parent=135596"}],"wp:term":[{"taxonomy":"category","embeddable":true,"href":"https:\/\/iparaiba.com.br\/index.php\/wp-json\/wp\/v2\/categories?post=135596"},{"taxonomy":"post_tag","embeddable":true,"href":"https:\/\/iparaiba.com.br\/index.php\/wp-json\/wp\/v2\/tags?post=135596"}],"curies":[{"name":"wp","href":"https:\/\/api.w.org\/{rel}","templated":true}]}}