{"id":135593,"date":"2025-08-11T14:00:49","date_gmt":"2025-08-11T17:00:49","guid":{"rendered":"https:\/\/onordeste.com.br\/?p=135584"},"modified":"2025-08-11T14:00:49","modified_gmt":"2025-08-11T17:00:49","slug":"congresso-nordestino-de-legislativos-municipais","status":"publish","type":"post","link":"https:\/\/iparaiba.com.br\/index.php\/2025\/08\/11\/congresso-nordestino-de-legislativos-municipais\/","title":{"rendered":"Congresso Nordestino de Legislativos Municipais"},"content":{"rendered":"<p align=\"justify\">O presidente da C\u00e2mara Municipal de Jo\u00e3o Pessoa (CMJP), vereador Dinho Dowsney (PSD), est\u00e1 participando do Congresso Nordestino de Legislativos Municipais, que acontece entre os dias 23 e 26 de julho, no Hardman Praia Hotel, na Capital. O evento \u00e9 promovido pela Uni\u00e3o de Vereadores do Brasil no Estado da Para\u00edba (UVB-PB) e conta com apoio de diversas entidades, incluindo a CMJP.<\/p>\n<p align=\"justify\">\u201c\u00c9 uma honra a gente poder trocar as experi\u00eancias necess\u00e1rias para o Legislativo Mirim, que, para mim, n\u00e3o \u00e9 mirim, \u00e9 grande. N\u00f3s somos, inclusive, a maior categoria de parlamentares do pa\u00eds, somos mais de 70 mil vereadores em todo o Brasil. Ent\u00e3o, \u00e9 um grupo muito forte\u201d, salientou Dinho, refor\u00e7ando a import\u00e2ncia de fortalecer as parcerias e compartilhar informa\u00e7\u00f5es com outros munic\u00edpios. O presidente tamb\u00e9m fez quest\u00e3o de destacar que os vereadores s\u00e3o os representantes mais pr\u00f3ximos do povo, o &#8220;para-choque da popula\u00e7\u00e3o&#8221;.<\/p>\n<p align=\"justify\">O prefeito C\u00edcero Lucena (PP) tamb\u00e9m discursou na abertura do evento, ressaltando a import\u00e2ncia dos poderes Executivo e Legislativo trabalharem em conjunto para identificar os problemas e buscar solu\u00e7\u00f5es para o pleno desenvolvimento das cidades. \u201cEm um evento como esse, voc\u00ea busca informa\u00e7\u00f5es sobre as experi\u00eancias de outros munic\u00edpios, sobre as a\u00e7\u00f5es dos vereadores, sobre as leis que podem colaborar. Ter esse compromisso \u00e9 fundamental para que as nossas cidades sejam cada vez mais justas, mais humanas, mais solid\u00e1rias e mais inclusivas. Jo\u00e3o Pessoa est\u00e1 vivendo esse momento de harmonia\u201d, comemorou o prefeito, agradecendo ao presidente Dinho e a todos os vereadores pessoenses pela parceria.<\/p>\n<p align=\"justify\">O presidente da Ordem dos Advogados do Brasil seccional Para\u00edba (OAB-PB), Harrison Targino, resumiu o tema de sua palestra. \u201cFalaremos sobre governan\u00e7a e direito eleitoral, sobre a necessidade de cuidados relativos \u00e0 boa pol\u00edtica e \u00e0 fiscaliza\u00e7\u00e3o natural que a Justi\u00e7a exerce. Esse evento re\u00fane vereadores, lideran\u00e7as pol\u00edticas e, sobretudo, prestigia a posi\u00e7\u00e3o da democracia. Por isso sua import\u00e2ncia no contexto atual e como li\u00e7\u00e3o para este momento no Brasil\u201d, arguiu.<\/p>\n<p align=\"justify\"><b>Congresso Nordestino de Legislativos Municipais<\/b><\/p>\n<p align=\"justify\">O evento \u00e9 considerado um dos maiores encontros legislativos do Brasil, e est\u00e1 reunindo vereadores, agentes p\u00fablicos, especialistas e lideran\u00e7as pol\u00edticas de diversos estados do Nordeste, com o objetivo de fortalecer o papel do Legislativo Municipal e promover o aprimoramento t\u00e9cnico e pol\u00edtico dos participantes.<\/p>\n<p align=\"justify\">A presidente da UVB-PB, Valeska Maimone, destacou que os vereadores formam o maior ex\u00e9rcito da pol\u00edtica brasileira. \u201cQualquer mobiliza\u00e7\u00e3o realizada pelo maior ex\u00e9rcito da pol\u00edtica brasileira, que somos n\u00f3s vereadores, \u00e9 muito importante. Esses dias ser\u00e3o muito proveitosos para o nosso Legislativo, para os vereadores que se capacitam e querem exercer um mandato de excel\u00eancia. Escolhemos um leque de profissionais capacitados para poder contribuir com o mandato dos vereadores. Haver\u00e1 palestras em todas as \u00e1reas. Iniciamos ontem, com a grande palestra da doutora Larissa Duarte, que abordou a tem\u00e1tica da pol\u00edtica feminina. Ser\u00e3o grandes dias, com grandes palestrantes e muito produtivos\u201d, projetou.<\/p>\n<p align=\"justify\">Com uma programa\u00e7\u00e3o extensa e temas atuais, o Congresso vem debatendo governan\u00e7a, pol\u00edticas p\u00fablicas, comunica\u00e7\u00e3o institucional, intelig\u00eancia artificial, or\u00e7amento impositivo, controle social e protagonismo feminino na pol\u00edtica. Ao final, ser\u00e3o entregues trof\u00e9us aos &#8216;Parlamentares Destaque&#8217;, al\u00e9m de homenagens a vereadores com mais de cinco mandatos e presidentes de c\u00e2maras.<\/p>\n<p align=\"justify\">O vereador Igor Jos\u00e9, de Coxixola, no Cariri paraibano, destacou a import\u00e2ncia de participar do evento para estar por dentro das atualiza\u00e7\u00f5es trazidas pelos palestrantes e poder aplic\u00e1-las em sua cidade. &#8220;J\u00e1 participei de outros eventos organizados pela UVB. Sabemos da qualidade dos palestrantes e da import\u00e2ncia do evento para podermos adquirir conhecimentos e levar para o nosso munic\u00edpio&#8221;, revelou.<\/p>\n<p align=\"justify\">CMJP<\/p>\n","protected":false},"excerpt":{"rendered":"<p>O presidente da C\u00e2mara Municipal de Jo\u00e3o Pessoa (CMJP), vereador Dinho Dowsney (PSD), est\u00e1 participando do Congresso Nordestino de Legislativos Municipais, que acontece entre os dias 23 e 26 de julho, no Hardman Praia Hotel, na Capital. O evento \u00e9 promovido pela Uni\u00e3o de Vereadores do Brasil no Estado da Para\u00edba (UVB-PB) e conta com &hellip;<\/p>\n","protected":false},"author":1,"featured_media":97717,"comment_status":"open","ping_status":"open","sticky":false,"template":"","format":"standard","meta":{"footnotes":""},"categories":[8],"tags":[],"class_list":["post-135593","post","type-post","status-publish","format-standard","has-post-thumbnail","hentry","category-politica"],"_links":{"self":[{"href":"https:\/\/iparaiba.com.br\/index.php\/wp-json\/wp\/v2\/posts\/135593","targetHints":{"allow":["GET"]}}],"collection":[{"href":"https:\/\/iparaiba.com.br\/index.php\/wp-json\/wp\/v2\/posts"}],"about":[{"href":"https:\/\/iparaiba.com.br\/index.php\/wp-json\/wp\/v2\/types\/post"}],"author":[{"embeddable":true,"href":"https:\/\/iparaiba.com.br\/index.php\/wp-json\/wp\/v2\/users\/1"}],"replies":[{"embeddable":true,"href":"https:\/\/iparaiba.com.br\/index.php\/wp-json\/wp\/v2\/comments?post=135593"}],"version-history":[{"count":1,"href":"https:\/\/iparaiba.com.br\/index.php\/wp-json\/wp\/v2\/posts\/135593\/revisions"}],"predecessor-version":[{"id":135636,"href":"https:\/\/iparaiba.com.br\/index.php\/wp-json\/wp\/v2\/posts\/135593\/revisions\/135636"}],"wp:featuredmedia":[{"embeddable":true,"href":"https:\/\/iparaiba.com.br\/index.php\/wp-json\/wp\/v2\/media\/97717"}],"wp:attachment":[{"href":"https:\/\/iparaiba.com.br\/index.php\/wp-json\/wp\/v2\/media?parent=135593"}],"wp:term":[{"taxonomy":"category","embeddable":true,"href":"https:\/\/iparaiba.com.br\/index.php\/wp-json\/wp\/v2\/categories?post=135593"},{"taxonomy":"post_tag","embeddable":true,"href":"https:\/\/iparaiba.com.br\/index.php\/wp-json\/wp\/v2\/tags?post=135593"}],"curies":[{"name":"wp","href":"https:\/\/api.w.org\/{rel}","templated":true}]}}