{"id":135592,"date":"2025-08-11T12:00:34","date_gmt":"2025-08-11T15:00:34","guid":{"rendered":"https:\/\/onordeste.com.br\/?p=135582"},"modified":"2025-08-11T12:00:34","modified_gmt":"2025-08-11T15:00:34","slug":"agevisa-pb-celebra-o-dia-nacional-da-vigilancia-sanitaria","status":"publish","type":"post","link":"https:\/\/iparaiba.com.br\/index.php\/2025\/08\/11\/agevisa-pb-celebra-o-dia-nacional-da-vigilancia-sanitaria\/","title":{"rendered":"Agevisa\/PB celebra o Dia Nacional da Vigil\u00e2ncia Sanit\u00e1ria"},"content":{"rendered":"<p style=\"font-weight: 400;\">A Ag\u00eancia Estadual de Vigil\u00e2ncia Sanit\u00e1ria, em conjunto com a Secretaria de Estado da Mulher e do Desenvolvimento Humano (SEMDH), alertou a popula\u00e7\u00e3o paraibana sobre os efeitos danosos e sobre a import\u00e2ncia da preven\u00e7\u00e3o e do combate a todo e qualquer tipo de ass\u00e9dio (moral, sexual, virtual e verbal, importuna\u00e7\u00e3o sexual, persegui\u00e7\u00e3o e stalking) no ambiente de trabalho.<\/p>\n<p style=\"font-weight: 400;\">O assunto foi abordado em palestra\/debate sobre \u201cPreven\u00e7\u00e3o e Combate ao Ass\u00e9dio na Administra\u00e7\u00e3o P\u00fablica\u201d, proferida pela gerente executiva de Direitos Humanos e membro da Comiss\u00e3o Especial de Preven\u00e7\u00e3o e Combate ao Ass\u00e9dio da SEMDH, Sandra Regina Santos. Na oportunidade, a ouvidora da Agevisa\/PB, psic\u00f3loga Neide Alves, falou sobre a import\u00e2ncia da Ouvidoria como instrumento que garante aos cidad\u00e3os o direito de atuar efetivamente no controle e na regula\u00e7\u00e3o das atividades sujeitas ao controle sanit\u00e1rio no territ\u00f3rio paraibano, e, tamb\u00e9m, como canal para den\u00fancia de qualquer ato irregular, a\u00ed inclu\u00edda a pr\u00e1tica do ass\u00e9dio.<\/p>\n<p style=\"font-weight: 400;\">Parte das comemora\u00e7\u00f5es pelo Dia Nacional da Vigil\u00e2ncia Sanit\u00e1ria (que \u00e9 celelebrado no dia 05 de agosto, por for\u00e7a da Lei n\u00ba 13.098\/2015), o evento, segundo o diretor Geraldo Moreira de Menezes, fez parte da estrat\u00e9gia encampada pela atual gest\u00e3o da Agevisa\/PB para garantir qualidade, celeridade e engajamento colaborativo dos dirigentes, servidores e colaboradores da Ag\u00eancia na execu\u00e7\u00e3o das a\u00e7\u00f5es de preven\u00e7\u00e3o, prote\u00e7\u00e3o e defesa da sa\u00fade p\u00fablica estadual, num ambiente de respeito m\u00fatuo e de responsabilidade coletiva para com o pr\u00f3ximo e a popula\u00e7\u00e3o em geral.<\/p>\n","protected":false},"excerpt":{"rendered":"<p>A Ag\u00eancia Estadual de Vigil\u00e2ncia Sanit\u00e1ria, em conjunto com a Secretaria de Estado da Mulher e do Desenvolvimento Humano (SEMDH), alertou a popula\u00e7\u00e3o paraibana sobre os efeitos danosos e sobre a import\u00e2ncia da preven\u00e7\u00e3o e do combate a todo e qualquer tipo de ass\u00e9dio (moral, sexual, virtual e verbal, importuna\u00e7\u00e3o sexual, persegui\u00e7\u00e3o e stalking) no &hellip;<\/p>\n","protected":false},"author":1,"featured_media":116528,"comment_status":"open","ping_status":"open","sticky":false,"template":"","format":"standard","meta":{"footnotes":""},"categories":[15],"tags":[],"class_list":["post-135592","post","type-post","status-publish","format-standard","has-post-thumbnail","hentry","category-links"],"_links":{"self":[{"href":"https:\/\/iparaiba.com.br\/index.php\/wp-json\/wp\/v2\/posts\/135592","targetHints":{"allow":["GET"]}}],"collection":[{"href":"https:\/\/iparaiba.com.br\/index.php\/wp-json\/wp\/v2\/posts"}],"about":[{"href":"https:\/\/iparaiba.com.br\/index.php\/wp-json\/wp\/v2\/types\/post"}],"author":[{"embeddable":true,"href":"https:\/\/iparaiba.com.br\/index.php\/wp-json\/wp\/v2\/users\/1"}],"replies":[{"embeddable":true,"href":"https:\/\/iparaiba.com.br\/index.php\/wp-json\/wp\/v2\/comments?post=135592"}],"version-history":[{"count":1,"href":"https:\/\/iparaiba.com.br\/index.php\/wp-json\/wp\/v2\/posts\/135592\/revisions"}],"predecessor-version":[{"id":135634,"href":"https:\/\/iparaiba.com.br\/index.php\/wp-json\/wp\/v2\/posts\/135592\/revisions\/135634"}],"wp:featuredmedia":[{"embeddable":true,"href":"https:\/\/iparaiba.com.br\/index.php\/wp-json\/wp\/v2\/media\/116528"}],"wp:attachment":[{"href":"https:\/\/iparaiba.com.br\/index.php\/wp-json\/wp\/v2\/media?parent=135592"}],"wp:term":[{"taxonomy":"category","embeddable":true,"href":"https:\/\/iparaiba.com.br\/index.php\/wp-json\/wp\/v2\/categories?post=135592"},{"taxonomy":"post_tag","embeddable":true,"href":"https:\/\/iparaiba.com.br\/index.php\/wp-json\/wp\/v2\/tags?post=135592"}],"curies":[{"name":"wp","href":"https:\/\/api.w.org\/{rel}","templated":true}]}}