{"id":135571,"date":"2025-08-04T11:07:47","date_gmt":"2025-08-04T14:07:47","guid":{"rendered":"https:\/\/onordeste.com.br\/?p=135528"},"modified":"2025-08-04T11:07:47","modified_gmt":"2025-08-04T14:07:47","slug":"seguranca-no-transito-e-tema-central-na-camara-de-campina-grande","status":"publish","type":"post","link":"https:\/\/iparaiba.com.br\/index.php\/2025\/08\/04\/seguranca-no-transito-e-tema-central-na-camara-de-campina-grande\/","title":{"rendered":"Seguran\u00e7a no Tr\u00e2nsito \u00e9 tema central na C\u00e2mara de Campina Grande"},"content":{"rendered":"<p>O vereador Olimpio Oliveira abriu o debate sobre seguran\u00e7a no tr\u00e2nsito ao mencionar tr\u00eas v\u00edtimas fatais de atropelamentos por motocicletas em alta velocidade. Ressaltou que, embora sua trajet\u00f3ria parlamentar seja marcada pela defesa das categorias que trabalham com motocicletas \u2014 com apresenta\u00e7\u00e3o de projetos voltados \u00e0 prote\u00e7\u00e3o, melhores condi\u00e7\u00f5es de trabalho e reconhecimento de utilidade p\u00fablica \u2014, n\u00e3o poderia se calar diante da situa\u00e7\u00e3o preocupante. Afirmou que a sensa\u00e7\u00e3o \u00e9 de que n\u00e3o h\u00e1 qualquer controle sobre a velocidade das motocicletas em Campina Grande, e questionou se essa inquieta\u00e7\u00e3o \u00e9 compartilhada por outros parlamentares e cidad\u00e3os campinenses.<\/p>\n<p>Na sequ\u00eancia, o vereador Pimentel Filho defendeu a cria\u00e7\u00e3o de uma legisla\u00e7\u00e3o espec\u00edfica para motociclistas, a fim de amenizar o n\u00famero crescente de acidentes, \u00f3bitos e sequelas registrados em decorr\u00eancia da forma como as motocicletas v\u00eam sendo conduzidas. De acordo com dados do Hospital de Trauma de Campina Grande, Pimentel disse que ocorrem de 80 \u00e0 100 acidentes, por final de semana, envolvendo motociclistas. O vereador Dinho Papa-L\u00e9guas, reconheceu os motociclistas respons\u00e1veis, mas enfatizou que o problema da condu\u00e7\u00e3o imprudente \u00e9 generalizado e atinge todo o pa\u00eds, sendo um tema que precisa ser debatido.<\/p>\n<p>O vereador Rafaf\u00e1, informou que o bin\u00e1rio da regi\u00e3o da Assis Chateaubriand j\u00e1 est\u00e1 em fase final de execu\u00e7\u00e3o. Acrescentou ainda que, ao solicitar lombadas ou medidas punitivas, os parlamentares s\u00e3o frequentemente criticados, mas que a aplica\u00e7\u00e3o de multas acontece apenas em casos de irresponsabilidade no tr\u00e2nsito. Defendeu a necessidade de uma cultura de educa\u00e7\u00e3o e preven\u00e7\u00e3o.<\/p>\n<p>O vereador Severino da Presta\u00e7\u00e3o se posicionou favoravelmente ao pedido de faixa elevada de pedestres em frente \u00e0 Catedral, tendo em vista o elevado fluxo de pessoas no local. Defendeu tamb\u00e9m uma campanha educativa voltada ao comportamento dos pedestres, como forma de promover maior seguran\u00e7a. Informou que protocolou requerimento solicitando a instala\u00e7\u00e3o de faixa elevada na frente da Igreja Nossa Senhora Aparecida, no bairro Presidente M\u00e9dici, justificando que a rua \u00e9 estreita, o tr\u00e2nsito \u00e9 ca\u00f3tico e n\u00e3o h\u00e1 garantias para a seguran\u00e7a dos pedestres.<\/p>\n<p>CMCG<\/p>\n","protected":false},"excerpt":{"rendered":"<p>O vereador Olimpio Oliveira abriu o debate sobre seguran\u00e7a no tr\u00e2nsito ao mencionar tr\u00eas v\u00edtimas fatais de atropelamentos por motocicletas em alta velocidade. Ressaltou que, embora sua trajet\u00f3ria parlamentar seja marcada pela defesa das categorias que trabalham com motocicletas \u2014 com apresenta\u00e7\u00e3o de projetos voltados \u00e0 prote\u00e7\u00e3o, melhores condi\u00e7\u00f5es de trabalho e reconhecimento de utilidade &hellip;<\/p>\n","protected":false},"author":1,"featured_media":116741,"comment_status":"open","ping_status":"open","sticky":false,"template":"","format":"standard","meta":{"footnotes":""},"categories":[15],"tags":[],"class_list":["post-135571","post","type-post","status-publish","format-standard","has-post-thumbnail","hentry","category-links"],"_links":{"self":[{"href":"https:\/\/iparaiba.com.br\/index.php\/wp-json\/wp\/v2\/posts\/135571","targetHints":{"allow":["GET"]}}],"collection":[{"href":"https:\/\/iparaiba.com.br\/index.php\/wp-json\/wp\/v2\/posts"}],"about":[{"href":"https:\/\/iparaiba.com.br\/index.php\/wp-json\/wp\/v2\/types\/post"}],"author":[{"embeddable":true,"href":"https:\/\/iparaiba.com.br\/index.php\/wp-json\/wp\/v2\/users\/1"}],"replies":[{"embeddable":true,"href":"https:\/\/iparaiba.com.br\/index.php\/wp-json\/wp\/v2\/comments?post=135571"}],"version-history":[{"count":0,"href":"https:\/\/iparaiba.com.br\/index.php\/wp-json\/wp\/v2\/posts\/135571\/revisions"}],"wp:featuredmedia":[{"embeddable":true,"href":"https:\/\/iparaiba.com.br\/index.php\/wp-json\/wp\/v2\/media\/116741"}],"wp:attachment":[{"href":"https:\/\/iparaiba.com.br\/index.php\/wp-json\/wp\/v2\/media?parent=135571"}],"wp:term":[{"taxonomy":"category","embeddable":true,"href":"https:\/\/iparaiba.com.br\/index.php\/wp-json\/wp\/v2\/categories?post=135571"},{"taxonomy":"post_tag","embeddable":true,"href":"https:\/\/iparaiba.com.br\/index.php\/wp-json\/wp\/v2\/tags?post=135571"}],"curies":[{"name":"wp","href":"https:\/\/api.w.org\/{rel}","templated":true}]}}