{"id":135569,"date":"2025-08-04T10:08:01","date_gmt":"2025-08-04T13:08:01","guid":{"rendered":"https:\/\/onordeste.com.br\/?p=135530"},"modified":"2025-08-04T10:08:01","modified_gmt":"2025-08-04T13:08:01","slug":"135530-2","status":"publish","type":"post","link":"https:\/\/iparaiba.com.br\/index.php\/2025\/08\/04\/135530-2\/","title":{"rendered":""},"content":{"rendered":"<p>No espa\u00e7o da Tribuna Livre, a professora Isabelle de Ara\u00fajo Pires fez uso da palavra para celebrar o PL n\u00ba 51\/2025, j\u00e1 aprovado na CASA, que prev\u00ea a cria\u00e7\u00e3o do Dia Municipal da Alfabetiza\u00e7\u00e3o.<\/p>\n<p>O vereador Alexandre Pereira destacou o evento realizado no \u00faltimo s\u00e1bado, 26 de julho, com a presen\u00e7a da ex-primeira-dama Michelle Bolsonaro em Campina Grande, que reuniu apoiadores da cidade e caravanas de diversas regi\u00f5es da Para\u00edba. Segundo ele, o evento marcou o pontap\u00e9 inicial da pr\u00e9-candidatura do senador Efraim Filho ao Governo do Estado.<\/p>\n<p>\u201cQuando alguns pensam em brincar com o destino do Estado e de uma cidade, o senador toma sua decis\u00e3o. Ele n\u00e3o fica em cima do muro. \u00c9 o verdadeiro candidato da direita do Estado da Para\u00edba.\u201d \u2013 disse. O parlamentar tamb\u00e9m declarou apoio ao nome de Marcelo Queiroga para o Senado Federal e refor\u00e7ou que seu grupo pol\u00edtico atuar\u00e1 nos munic\u00edpios pedindo o apoio da popula\u00e7\u00e3o com o objetivo de, segundo suas palavras, \u201clibertar o Estado da esquerda, que promove um discurso vazio e uma realidade que n\u00e3o existe\u201d.<\/p>\n","protected":false},"excerpt":{"rendered":"<p>No espa\u00e7o da Tribuna Livre, a professora Isabelle de Ara\u00fajo Pires fez uso da palavra para celebrar o PL n\u00ba 51\/2025, j\u00e1 aprovado na CASA, que prev\u00ea a cria\u00e7\u00e3o do Dia Municipal da Alfabetiza\u00e7\u00e3o. O vereador Alexandre Pereira destacou o evento realizado no \u00faltimo s\u00e1bado, 26 de julho, com a presen\u00e7a da ex-primeira-dama Michelle Bolsonaro &hellip;<\/p>\n","protected":false},"author":1,"featured_media":97756,"comment_status":"open","ping_status":"open","sticky":false,"template":"","format":"standard","meta":{"footnotes":""},"categories":[11],"tags":[],"class_list":["post-135569","post","type-post","status-publish","format-standard","has-post-thumbnail","hentry","category-educacao"],"_links":{"self":[{"href":"https:\/\/iparaiba.com.br\/index.php\/wp-json\/wp\/v2\/posts\/135569","targetHints":{"allow":["GET"]}}],"collection":[{"href":"https:\/\/iparaiba.com.br\/index.php\/wp-json\/wp\/v2\/posts"}],"about":[{"href":"https:\/\/iparaiba.com.br\/index.php\/wp-json\/wp\/v2\/types\/post"}],"author":[{"embeddable":true,"href":"https:\/\/iparaiba.com.br\/index.php\/wp-json\/wp\/v2\/users\/1"}],"replies":[{"embeddable":true,"href":"https:\/\/iparaiba.com.br\/index.php\/wp-json\/wp\/v2\/comments?post=135569"}],"version-history":[{"count":0,"href":"https:\/\/iparaiba.com.br\/index.php\/wp-json\/wp\/v2\/posts\/135569\/revisions"}],"wp:featuredmedia":[{"embeddable":true,"href":"https:\/\/iparaiba.com.br\/index.php\/wp-json\/wp\/v2\/media\/97756"}],"wp:attachment":[{"href":"https:\/\/iparaiba.com.br\/index.php\/wp-json\/wp\/v2\/media?parent=135569"}],"wp:term":[{"taxonomy":"category","embeddable":true,"href":"https:\/\/iparaiba.com.br\/index.php\/wp-json\/wp\/v2\/categories?post=135569"},{"taxonomy":"post_tag","embeddable":true,"href":"https:\/\/iparaiba.com.br\/index.php\/wp-json\/wp\/v2\/tags?post=135569"}],"curies":[{"name":"wp","href":"https:\/\/api.w.org\/{rel}","templated":true}]}}