{"id":135567,"date":"2025-08-04T11:01:35","date_gmt":"2025-08-04T14:01:35","guid":{"rendered":"https:\/\/onordeste.com.br\/?p=135522"},"modified":"2025-08-04T11:01:35","modified_gmt":"2025-08-04T14:01:35","slug":"cmjp-comemora-aniversario-da-cidade-com-passeio-ciclistico","status":"publish","type":"post","link":"https:\/\/iparaiba.com.br\/index.php\/2025\/08\/04\/cmjp-comemora-aniversario-da-cidade-com-passeio-ciclistico\/","title":{"rendered":"CMJP comemora anivers\u00e1rio da cidade com passeio cicl\u00edstico"},"content":{"rendered":"<div><i>As inscri\u00e7\u00f5es ainda podem ser feitas com a doa\u00e7\u00e3o de dois quilos de alimentos n\u00e3o perec\u00edveis\u00a0 nas Lojas T\u00falio Bicicletas, no Centro, em Mana\u00edra e Mangabeira<\/i><\/div>\n<div><\/div>\n<div>A C\u00e2mara Municipal de Jo\u00e3o Pessoa (CMJP) vai realizar, no pr\u00f3ximo dia 5 de agosto, o II Passeio Cicl\u00edstico em comemora\u00e7\u00e3o ao anivers\u00e1rio da Capital paraibana. A celebra\u00e7\u00e3o dos 440 anos da cidade faz parte das a\u00e7\u00f5es do programa de revitaliza\u00e7\u00e3o \u2018Viva o Centro\u2019 e tem a concentra\u00e7\u00e3o prevista para as 7h, na Bas\u00edlica de Nossa Senhora das Neves, o marco zero de Jo\u00e3o Pessoa. A partir das 8h, o circuito come\u00e7a, percorrendo diversos pontos hist\u00f3ricos e tur\u00edsticos da regi\u00e3o. Para participar, basta se inscrever doando dois quilos de alimentos n\u00e3o perec\u00edveis, nas Lojas T\u00falio Bicicletas, no Centro, em Mana\u00edra e Mangabeira.<\/div>\n<div><\/div>\n<div>Este ano, o passeio contar\u00e1 com uma atra\u00e7\u00e3o musical. Em cima de um trio el\u00e9trico, o cantor pessoense Yuri Carvalho vai puxar e incentivar os ciclistas, por todo o percurso, com muita m\u00fasica e anima\u00e7\u00e3o. Al\u00e9m do cantor, o historiador Jean Patr\u00edcio estar\u00e1 no trio, acompanhando os ciclistas, narrando hist\u00f3rias de pontos espec\u00edficos por onde passar\u00e3o. Ao final do passeio, os pedalistas ser\u00e3o recepcionados no Largo da Igreja S\u00e3o Francisco, onde o show do cantor continuar\u00e1. No mesmo local, haver\u00e1 um painel no qual os participantes poder\u00e3o deixar recados para a cidade aniversariante.<\/div>\n<div><\/div>\n<div>O presidente da CMJP, Dinho Dowsley (PSD), convida a popula\u00e7\u00e3o a participar do passeio cicl\u00edstico. \u201cConvido todos a virem com suas fam\u00edlias participar desse evento, que j\u00e1 faz parte do calend\u00e1rio oficial da cidade, e que fortalece o projeto de revitaliza\u00e7\u00e3o do Centro Hist\u00f3rico. Este ano, esperamos mais de 1.500 inscritos, que v\u00e3o desfrutar desse evento, passando por nossos pontos hist\u00f3ricos, fortalecendo nosso turismo e o com\u00e9rcio de toda regi\u00e3o\u201d, explicou.<\/div>\n<div><\/div>\n<div>Para participar do evento, na inscri\u00e7\u00e3o, os ciclistas doam dois quilos de alimentos n\u00e3o perec\u00edveis que ser\u00e3o entregues a institui\u00e7\u00f5es de caridades da cidade. Os mil primeiros inscritos recebem uma camiseta tem\u00e1tica e concorrem a uma bicicleta de alum\u00ednio, aro 29.<\/div>\n<div><\/div>\n<div><b>Roteiro<\/b><\/div>\n<div><\/div>\n<div>Confira o roteiro completo da segunda edi\u00e7\u00e3o do Passeio Cicl\u00edstico: sa\u00edda da Catedral Bas\u00edlica Nossa Senhora das Neves (no Marco Zero da Cidade), seguindo pela Rua General Os\u00f3rio, Pra\u00e7a Ven\u00e2ncio Neiva, Pra\u00e7a Jo\u00e3o Pessoa, Rua das Trincheiras, Rua Jo\u00e3o Machado, Rua Maximiano Figueiredo, Pra\u00e7a Caldas Brand\u00e3o, Rua Barreto Sobrinho, Avenida Bandeirantes, Avenida Gouveia N\u00f3brega, Rua Elp\u00eddio Alves da Cruz, Rua Henrique Siqueira, Rua C\u00e2ndido Pessoa, Rua Maciel Pinheiro, Avenida Sanhau\u00e1, Rua General Lima, Rua Bar\u00e3o do Triunfo, Pra\u00e7a Pedro Am\u00e9rico, Rua Guedes Pereira, Rua Diogo Velho, Parque Solon de Lucena, Rua Elizeu C\u00e9zar, Rua Bar\u00e3o do Abia\u00ed, Rua Visconde de Pelotas e chegada no largo da Igreja S\u00e3o Francisco.<\/div>\n<div>CMJP<\/div>\n","protected":false},"excerpt":{"rendered":"<p>As inscri\u00e7\u00f5es ainda podem ser feitas com a doa\u00e7\u00e3o de dois quilos de alimentos n\u00e3o perec\u00edveis\u00a0 nas Lojas T\u00falio Bicicletas, no Centro, em Mana\u00edra e Mangabeira A C\u00e2mara Municipal de Jo\u00e3o Pessoa (CMJP) vai realizar, no pr\u00f3ximo dia 5 de agosto, o II Passeio Cicl\u00edstico em comemora\u00e7\u00e3o ao anivers\u00e1rio da Capital paraibana. A celebra\u00e7\u00e3o dos &hellip;<\/p>\n","protected":false},"author":1,"featured_media":112760,"comment_status":"open","ping_status":"open","sticky":false,"template":"","format":"standard","meta":{"footnotes":""},"categories":[15],"tags":[],"class_list":["post-135567","post","type-post","status-publish","format-standard","has-post-thumbnail","hentry","category-links"],"_links":{"self":[{"href":"https:\/\/iparaiba.com.br\/index.php\/wp-json\/wp\/v2\/posts\/135567","targetHints":{"allow":["GET"]}}],"collection":[{"href":"https:\/\/iparaiba.com.br\/index.php\/wp-json\/wp\/v2\/posts"}],"about":[{"href":"https:\/\/iparaiba.com.br\/index.php\/wp-json\/wp\/v2\/types\/post"}],"author":[{"embeddable":true,"href":"https:\/\/iparaiba.com.br\/index.php\/wp-json\/wp\/v2\/users\/1"}],"replies":[{"embeddable":true,"href":"https:\/\/iparaiba.com.br\/index.php\/wp-json\/wp\/v2\/comments?post=135567"}],"version-history":[{"count":0,"href":"https:\/\/iparaiba.com.br\/index.php\/wp-json\/wp\/v2\/posts\/135567\/revisions"}],"wp:featuredmedia":[{"embeddable":true,"href":"https:\/\/iparaiba.com.br\/index.php\/wp-json\/wp\/v2\/media\/112760"}],"wp:attachment":[{"href":"https:\/\/iparaiba.com.br\/index.php\/wp-json\/wp\/v2\/media?parent=135567"}],"wp:term":[{"taxonomy":"category","embeddable":true,"href":"https:\/\/iparaiba.com.br\/index.php\/wp-json\/wp\/v2\/categories?post=135567"},{"taxonomy":"post_tag","embeddable":true,"href":"https:\/\/iparaiba.com.br\/index.php\/wp-json\/wp\/v2\/tags?post=135567"}],"curies":[{"name":"wp","href":"https:\/\/api.w.org\/{rel}","templated":true}]}}