{"id":135566,"date":"2025-08-06T18:47:09","date_gmt":"2025-08-06T21:47:09","guid":{"rendered":"https:\/\/onordeste.com.br\/?p=135566"},"modified":"2025-08-06T18:47:09","modified_gmt":"2025-08-06T21:47:09","slug":"governo-solicita-apoio-a-prefeitos-e-governadores-para-aplicacao-segura-das-provas-do-cpnu-2","status":"publish","type":"post","link":"https:\/\/iparaiba.com.br\/index.php\/2025\/08\/06\/governo-solicita-apoio-a-prefeitos-e-governadores-para-aplicacao-segura-das-provas-do-cpnu-2\/","title":{"rendered":"Governo solicita apoio a prefeitos e governadores para aplica\u00e7\u00e3o segura das provas do CPNU 2"},"content":{"rendered":"<p style=\"font-weight: 600;\"><span data-contrast=\"auto\">O Minist\u00e9rio da Gest\u00e3o e da Inova\u00e7\u00e3o em Servi\u00e7os P\u00fablicos (MGI) comunicou formalmente os governadores e prefeitos das cidades onde ser\u00e3o aplicadas as provas da segunda edi\u00e7\u00e3o do\u00a0Concurso P\u00fablico Nacional Unificado (CPNU 2), marcadas para\u00a05 de\u00a0outubro (provas objetivas) e\u00a07 de\u00a0dezembro (provas discursivas).<\/span><span data-ccp-props=\"{}\"><br \/>\n<\/span><\/p>\n<p style=\"font-weight: 600;\"><span data-contrast=\"auto\">Por meio de of\u00edcio assinado pela ministra Esther Dweck, a pasta solicitou a colabora\u00e7\u00e3o dos gestores locais para que evitem a realiza\u00e7\u00e3o de grandes eventos na mesma data do certame,\u00a0bem como o apoio\u00a0com\u00a0a coordena\u00e7\u00e3o de\u00a0servi\u00e7os de mobilidade urbana\u00a0e de\u00a0controle de tr\u00e1fego. O MGI salientou tamb\u00e9m a import\u00e2ncia do\u00a0pleno funcionamento de sistemas\u00a0de fornecimento de \u00e1gua e energia. Todas as recomenda\u00e7\u00f5es da pasta\u00a0visam assegurar a\u00a0fluidez no deslocamento dos participantes e a seguran\u00e7a nos locais de prova.<\/span><span data-ccp-props=\"{}\"><br \/>\n<\/span><\/p>\n<p style=\"font-weight: 600;\"><span data-contrast=\"auto\">A segunda edi\u00e7\u00e3o do CPNU conta com mais de 760 mil candidatas e candidatos com inscri\u00e7\u00f5es homologadas em todas as regi\u00f5es do pa\u00eds, incluindo todas as capitais. O elevado n\u00famero de participantes e a abrang\u00eancia nacional tornam a aplica\u00e7\u00e3o simult\u00e2nea uma opera\u00e7\u00e3o de grande escala, que demanda articula\u00e7\u00e3o entre diferentes esferas de governo.<\/span><span data-ccp-props=\"{}\"><br \/>\n<\/span><\/p>\n<p style=\"font-weight: 600;\"><span data-contrast=\"auto\">Para viabilizar a execu\u00e7\u00e3o do concurso, o MGI e a Escola Nacional de Administra\u00e7\u00e3o P\u00fablica (Enap), respons\u00e1veis pela coordena\u00e7\u00e3o do CPNU 2, atuam em parceria com a Funda\u00e7\u00e3o\u00a0Getulio\u00a0Vargas (FGV), institui\u00e7\u00e3o que realizar\u00e1 a execu\u00e7\u00e3o do certame. A estrutura de apoio envolve ainda \u00f3rg\u00e3os das administra\u00e7\u00f5es p\u00fablicas federal, estadual e municipal, em uma rede que inclui for\u00e7as de seguran\u00e7a, \u00f3rg\u00e3os de tr\u00e2nsito, institui\u00e7\u00f5es de ensino, entre outros.<\/span><span data-ccp-props=\"{}\"><br \/>\n<\/span><\/p>\n<p style=\"font-weight: 600;\"><span data-contrast=\"auto\">O of\u00edcio tamb\u00e9m informa que a equipe t\u00e9cnica do minist\u00e9rio est\u00e1 \u00e0 disposi\u00e7\u00e3o dos gestores locais para prestar esclarecimentos e colaborar com as articula\u00e7\u00f5es necess\u00e1rias \u00e0 boa condu\u00e7\u00e3o do processo.<\/span><span data-ccp-props=\"{}\"><br \/>\n<\/span><\/p>\n<h4 style=\"font-weight: 400;\"><b><strong><span data-contrast=\"auto\">Hor\u00e1rio das provas<\/span><\/strong><\/b><span data-ccp-props=\"{}\"><br \/>\n<\/span><\/h4>\n<p style=\"font-weight: 600;\"><span data-contrast=\"auto\">Conforme especifica o edital do CPNU 2, a\u00a0s provas objetivas e discursivas ser\u00e3o aplicadas\u00a0seguindo\u00a0o hor\u00e1rio oficial de Bras\u00edlia.<\/span><\/p>\n<p style=\"font-weight: 600;\">Para cargos de N\u00edvel Superior:<\/p>\n<p style=\"font-weight: 600;\"><span data-contrast=\"auto\">&#8211; Prova Objetiva: 5 de outubro, das 13h \u00e0s 18h<\/span><span data-ccp-props=\"{}\"><br \/>\n<\/span><\/p>\n<p style=\"font-weight: 600;\"><span data-contrast=\"auto\">&#8211; Prova Discursiva: 7 de dezembro, das 13h \u00e0s 16h<\/span><\/p>\n<p style=\"font-weight: 600;\">Para cargos de N\u00edvel Intermedi\u00e1rio:<\/p>\n<p style=\"font-weight: 600;\"><span data-contrast=\"auto\">&#8211; Prova Objetiva:\u00a05 de outubro, das 13h \u00e0s 16h30<\/span><span data-ccp-props=\"{}\"><br \/>\n<\/span><\/p>\n<p style=\"font-weight: 600;\"><span data-contrast=\"auto\">&#8211; Prova Discursiva\u00a0:\u00a07 de dezembro, das 13h \u00e0s 15h<\/span><span data-ccp-props=\"{}\"><br \/>\n<\/span><\/p>\n<p style=\"font-weight: 600;\"><span data-contrast=\"auto\">Os locais de aplica\u00e7\u00e3o das provas ser\u00e3o informados no Cart\u00e3o de Confirma\u00e7\u00e3o de Inscri\u00e7\u00e3o, dispon\u00edvel a partir do dia 22 de\u00a0setembro na \u00e1rea do candidato, dentro da p\u00e1gina da FGV.<\/span><span data-ccp-props=\"{}\"><br \/>\n<\/span><\/p>\n<h4 style=\"font-weight: 400;\"><b><strong><span data-contrast=\"auto\">Alcance nacional<\/span><\/strong><\/b><span data-ccp-props=\"{}\"><br \/>\n<\/span><\/h4>\n<p style=\"font-weight: 600;\"><span data-contrast=\"auto\">Com 761.528 pessoas inscritas de 4.951 munic\u00edpios brasileiros, o \u201c\u00a0Enem\u00a0dos concursos\u201d se consolida, em sua segunda edi\u00e7\u00e3o, como uma pol\u00edtica p\u00fablica que democratiza o acesso ao servi\u00e7o p\u00fablico federal com equidade, inclus\u00e3o e inova\u00e7\u00e3o, promovendo um servi\u00e7o p\u00fablico com a cara do Brasil.<\/span><span data-ccp-props=\"{}\"><br \/>\n<\/span><\/p>\n<p style=\"font-weight: 600;\"><span data-contrast=\"auto\">A segunda edi\u00e7\u00e3o do CPNU contempla 3.652 vagas em 32 \u00f3rg\u00e3os e entidades. As regi\u00f5es Sudeste (247.838) e Nordeste (229.436) concentram o maior n\u00famero de inscri\u00e7\u00f5es, seguidas pelas regi\u00f5es Centro-Oeste (150.870), Norte (84.651) e Sul (48.733). A ampla distribui\u00e7\u00e3o territorial das inscri\u00e7\u00f5es demonstra o alcance nacional do certame e refor\u00e7a a proposta de ampliar o acesso ao servi\u00e7o p\u00fablico federal em todo o pa\u00eds.<\/span><span data-ccp-props=\"{}\"><br \/>\n<\/span><\/p>\n<p style=\"font-weight: 600;\"><span data-contrast=\"auto\">As mulheres representam 60% das pessoas inscritas e s\u00e3o maioria entre os inscritos em todas as regi\u00f5es do pa\u00eds, demonstrando a aceita\u00e7\u00e3o pelas pol\u00edticas afirmativas do certame para ampliar a diversidade no servi\u00e7o p\u00fablico. No Rio de Janeiro, por exemplo, as mulheres correspondem a quase dois ter\u00e7os dos inscritos: foram 68.317 candidatas, o que representa 63% das 108.828 inscri\u00e7\u00f5es homologadas no estado.\u00a0Caso o percentual de mulheres classificadas para a discursiva em determinado cargo ou especialidade fique abaixo de 50%, ser\u00e1 aplicado um ajuste t\u00e9cnico na nota m\u00ednima, desde que existam candidatas n\u00e3o eliminadas. O crit\u00e9rio n\u00e3o interfere na classifica\u00e7\u00e3o final, que segue sendo por m\u00e9rito. Nenhum homem previamente classificado ser\u00e1 exclu\u00eddo, garantindo equil\u00edbrio sem preju\u00edzo \u00e0 equidade ou \u00e0 competitividade.<\/span><span data-ccp-props=\"{}\"><br \/>\n<\/span><\/p>\n<p style=\"font-weight: 600;\"><span data-contrast=\"auto\">Al\u00e9m disso, o CPNU 2 \u00e9 o primeiro concurso a aplicar integralmente os percentuais da nova Lei de Cotas, que ampliou a reserva de vagas para cotas em concursos p\u00fablicos para 30%, sendo 25% para pessoas negras, 3% para pessoas ind\u00edgenas e 2% para quilombolas. Foram homologadas 252.596 inscri\u00e7\u00f5es nas cotas, consolidando o CPNU como uma das maiores pol\u00edticas p\u00fablicas de inclus\u00e3o no acesso ao servi\u00e7o p\u00fablico federal. As candidaturas de pessoas negras somam 210.882 \u2013 o equivalente a 27,7% dos mais de 760 mil inscritos.<\/span><span data-ccp-props=\"{}\"><br \/>\n<\/span><\/p>\n<h4 style=\"font-weight: 400;\"><b><strong><span data-contrast=\"auto\">Cronograma oficial<\/span><\/strong><\/b><span data-ccp-props=\"{}\"><br \/>\n<\/span><\/h4>\n<p style=\"font-weight: 600;\"><span data-contrast=\"auto\">Prova objetiva: 5\/10\/2025<\/span><span data-ccp-props=\"{}\"><br \/>\n<\/span><\/p>\n<p style=\"font-weight: 600;\"><span data-contrast=\"auto\">Divulga\u00e7\u00e3o da objetiva e convoca\u00e7\u00e3o para a discursiva: 12\/11\/2025<\/span><span data-ccp-props=\"{}\"><br \/>\n<\/span><\/p>\n<p style=\"font-weight: 600;\"><span data-contrast=\"auto\">Envio de t\u00edtulos: 13 a 19\/11\/2025<\/span><span data-ccp-props=\"{}\"><br \/>\n<\/span><\/p>\n<p style=\"font-weight: 600;\"><span data-contrast=\"auto\">Prova discursiva: 7\/12\/2025<\/span><span data-ccp-props=\"{}\"><br \/>\n<\/span><\/p>\n<p style=\"font-weight: 600;\"><span data-contrast=\"auto\">Verifica\u00e7\u00e3o de cotas: 30\/11 a 8\/12\/2025<\/span><span data-ccp-props=\"{}\"><br \/>\n<\/span><\/p>\n<p style=\"font-weight: 600;\"><span data-contrast=\"auto\">Resultado final\u00a0previsto: 30\/01\/2026<\/span><\/p>\n<p style=\"font-weight: 600;\"><span data-contrast=\"auto\">Saiba mais e acesse o edital completo\u00a0<b><a href=\"http:\/\/gov.br\/concursonacional\" data-linktype=\"external\" data-val=\"http:\/\/gov.br\/concursonacional\">AQUI<\/a><\/b><\/span><span data-ccp-props=\"{}\"><br \/>\n<\/span><\/p>\n<p><a style=\"font-weight: 500;\" href=\"https:\/\/www.gov.br\/gestao\/pt-br\/assuntos\/noticias\/2025\/agosto\/ministerio-da-gestao-solicita-apoio-a-prefeitos-e-governadores-para-garantir-aplicacao-segura-das-provas-do-cpnu-2\">Link: https:\/\/www.gov.br\/gestao\/pt-br\/assuntos\/noticias\/2025\/agosto\/ministerio-da-gestao-solicita-apoio-a-prefeitos-e-governadores-para-garantir-aplicacao-segura-das-provas-do-cpnu-2<\/a><\/p>\n","protected":false},"excerpt":{"rendered":"<p>O Minist\u00e9rio da Gest\u00e3o e da Inova\u00e7\u00e3o em Servi\u00e7os P\u00fablicos (MGI) comunicou formalmente os governadores e prefeitos das cidades onde ser\u00e3o aplicadas as provas da segunda edi\u00e7\u00e3o do\u00a0Concurso P\u00fablico Nacional Unificado (CPNU 2), marcadas para\u00a05 de\u00a0outubro (provas objetivas) e\u00a07 de\u00a0dezembro (provas discursivas). Por meio de of\u00edcio assinado pela ministra Esther Dweck, a pasta solicitou a &hellip;<\/p>\n","protected":false},"author":1,"featured_media":134039,"comment_status":"open","ping_status":"open","sticky":false,"template":"","format":"standard","meta":{"footnotes":""},"categories":[12],"tags":[],"class_list":["post-135566","post","type-post","status-publish","format-standard","has-post-thumbnail","hentry","category-emprego"],"_links":{"self":[{"href":"https:\/\/iparaiba.com.br\/index.php\/wp-json\/wp\/v2\/posts\/135566","targetHints":{"allow":["GET"]}}],"collection":[{"href":"https:\/\/iparaiba.com.br\/index.php\/wp-json\/wp\/v2\/posts"}],"about":[{"href":"https:\/\/iparaiba.com.br\/index.php\/wp-json\/wp\/v2\/types\/post"}],"author":[{"embeddable":true,"href":"https:\/\/iparaiba.com.br\/index.php\/wp-json\/wp\/v2\/users\/1"}],"replies":[{"embeddable":true,"href":"https:\/\/iparaiba.com.br\/index.php\/wp-json\/wp\/v2\/comments?post=135566"}],"version-history":[{"count":1,"href":"https:\/\/iparaiba.com.br\/index.php\/wp-json\/wp\/v2\/posts\/135566\/revisions"}],"predecessor-version":[{"id":135589,"href":"https:\/\/iparaiba.com.br\/index.php\/wp-json\/wp\/v2\/posts\/135566\/revisions\/135589"}],"wp:featuredmedia":[{"embeddable":true,"href":"https:\/\/iparaiba.com.br\/index.php\/wp-json\/wp\/v2\/media\/134039"}],"wp:attachment":[{"href":"https:\/\/iparaiba.com.br\/index.php\/wp-json\/wp\/v2\/media?parent=135566"}],"wp:term":[{"taxonomy":"category","embeddable":true,"href":"https:\/\/iparaiba.com.br\/index.php\/wp-json\/wp\/v2\/categories?post=135566"},{"taxonomy":"post_tag","embeddable":true,"href":"https:\/\/iparaiba.com.br\/index.php\/wp-json\/wp\/v2\/tags?post=135566"}],"curies":[{"name":"wp","href":"https:\/\/api.w.org\/{rel}","templated":true}]}}