{"id":135564,"date":"2025-08-06T16:00:49","date_gmt":"2025-08-06T19:00:49","guid":{"rendered":"https:\/\/onordeste.com.br\/?p=135564"},"modified":"2025-08-06T16:00:49","modified_gmt":"2025-08-06T19:00:49","slug":"todo-o-bpc-para-pessoas-com-deficiencia-exigira-avaliacao-biopsicossocial","status":"publish","type":"post","link":"https:\/\/iparaiba.com.br\/index.php\/2025\/08\/06\/todo-o-bpc-para-pessoas-com-deficiencia-exigira-avaliacao-biopsicossocial\/","title":{"rendered":"Todo o BPC para pessoas com defici\u00eancia exigir\u00e1 avalia\u00e7\u00e3o biopsicossocial"},"content":{"rendered":"<div class=\"texto-conteudo\">\n<p>A partir de mar\u00e7o de 2026, a concess\u00e3o de benef\u00edcio assistencial a pessoas com defici\u00eancia depender\u00e1 de avalia\u00e7\u00e3o biopsicossocial mesmo quando feita por ordem judicial. A medida foi determinada pelo Conselho Nacional de Justi\u00e7a (CNJ) em resolu\u00e7\u00e3o publicada na \u00faltima ter\u00e7a-feira (29\/7), atendendo a sugest\u00e3o da Advocacia-Geral da Uni\u00e3o (AGU).<\/p>\n<p>Atualmente, somente as concess\u00f5es feitas em \u00e2mbito administrativo pelo Instituto Nacional do Seguro Social (INSS) obedecem \u00e0 exig\u00eancia de avalia\u00e7\u00e3o biopsicossocial prevista no Estatuto da Pessoa com Defici\u00eancia (Lei n\u00ba 13.146, de 6 de julho de 2015). O Poder Judici\u00e1rio, por sua vez, concede o benef\u00edcio com base apenas em avalia\u00e7\u00e3o m\u00e9dica.<\/p>\n<p>Com a Resolu\u00e7\u00e3o N\u00ba 630, de 29\/07\/2025, o CNJ unifica a sistem\u00e1tica, instituindo o instrumento unificado de avalia\u00e7\u00e3o biopsicossocial para permitir a an\u00e1lise multiprofissional e interdisciplinar dos pedidos de benef\u00edcio a pessoas com defici\u00eancia. A decis\u00e3o prev\u00ea a inclus\u00e3o do instrumento no Sistema de Per\u00edcias Judiciais (Sisperjud), com utiliza\u00e7\u00e3o obrigat\u00f3ria para todo o Poder Judici\u00e1rio a partir de 2 de mar\u00e7o de 2026.<\/p>\n<p>&#8220;A resolu\u00e7\u00e3o configura um avan\u00e7o na defesa da pol\u00edtica p\u00fablica assistencial\u201d, afirma Kedma Iara Ferreira, procuradora nacional federal de Contencioso Previdenci\u00e1rio. \u201cA partir dela, os crit\u00e9rios administrativo e judicial para aferi\u00e7\u00e3o da defici\u00eancia ser\u00e3o o mesmo, evitando diverg\u00eancias que ocorriam, j\u00e1 que a an\u00e1lise judicial, em regra, era apenas m\u00e9dica.&#8221;<\/p>\n<h4><strong>Grupo de Trabalho<\/strong><\/h4>\n<p>A procuradora integrou o Grupo de Trabalho Interinstitucional criado pelo CNJ no in\u00edcio deste ano, por sugest\u00e3o da AGU, para desenvolver um instrumento comum destinado \u00e0 avalia\u00e7\u00e3o da pessoa com defici\u00eancia. Em of\u00edcio enviado ao presidente do Conselho, ministro Lu\u00eds Roberto Barroso, a procuradora-chefe da Procuradoria Geral Federal, Adriana Maia Venturini, recomendava a ado\u00e7\u00e3o de par\u00e2metros uniformes para evitar diverg\u00eancias \u201cquanto \u00e0 constata\u00e7\u00e3o da condi\u00e7\u00e3o de defici\u00eancia e miserabilidade\u201d. A unifica\u00e7\u00e3o, segundo ela, tamb\u00e9m contribuiria significativamente para a solu\u00e7\u00e3o consensual das demandas, por meio de concilia\u00e7\u00e3o.<\/p>\n<p>\u201cUm ter\u00e7o dos BPCs hoje no Brasil s\u00e3o concedidos por ordem judicial\u201d, comenta o procurador federal Leonardo Monteiro Xexeo, que integra a Coordena\u00e7\u00e3o-Geral de Contencioso da Procuradoria Nacional Federal de Contencioso Previdenci\u00e1rio. \u201cSe o Judici\u00e1rio n\u00e3o utiliza a sistem\u00e1tica correta, a chance de ocorrerem erros na concess\u00e3o \u00e9 muito maior\u201d, diz ele.<\/p>\n<p>Eventuais erros, segundo o procurador, poder\u00e3o ser detectados durante os processos de revis\u00e3o peri\u00f3dica dos benef\u00edcios, que ocorrem a cada dois anos. Nas revis\u00f5es, tanto o INSS quanto a Justi\u00e7a dever\u00e3o adotar a nova sistem\u00e1tica de avalia\u00e7\u00e3o. \u201cN\u00e3o haver\u00e1 mais assimetria de crit\u00e9rios\u201d, explica.<\/p>\n<h4><strong>Capacita\u00e7\u00e3o espec\u00edfica<\/strong><\/h4>\n<p>De acordo com a resolu\u00e7\u00e3o, a avalia\u00e7\u00e3o biopsicossocial de pessoas com defici\u00eancia dever\u00e1 ser feita exclusivamente por profissionais capacitados para a fun\u00e7\u00e3o, e sua conclus\u00e3o n\u00e3o vincular\u00e1 o resultado do pedido, cabendo sempre a decis\u00e3o ao juiz competente. A capacita\u00e7\u00e3o dos peritos ficar\u00e1 a cargo do pr\u00f3prio CNJ.<\/p>\n<p>Na decis\u00e3o, o Conselho determina ainda que a ado\u00e7\u00e3o do Sisperjud pelo Judici\u00e1rio ser\u00e1 obrigat\u00f3ria a partir de 1\u00ba de setembro, ressalvando que os tribunais que j\u00e1 disp\u00f5em de formul\u00e1rio eletr\u00f4nico pr\u00f3prio poder\u00e3o continuar a utiliz\u00e1-lo at\u00e9 31 de agosto, desde que fa\u00e7am as adequa\u00e7\u00f5es necess\u00e1rias. O Sisperjud, onde ser\u00e1 inserido o instrumento unificado de avalia\u00e7\u00e3o biopsicossocial, \u00e9 uma ferramenta de automa\u00e7\u00e3o das per\u00edcias judiciais que agiliza o tratamento das informa\u00e7\u00f5es dos laudos periciais e torna o processo judicial mais eficiente.<\/p>\n<\/div>\n<p><a class=\"materia-original\" href=\"https:\/\/www.gov.br\/agu\/pt-br\/comunicacao\/noticias\/cnj-unifica-criterios-para-concessao-de-bpc-a-pessoa-com-deficiencia\" target=\"_blank\" rel=\"noopener\">Link: https:\/\/www.gov.br\/agu\/pt-br\/comunicacao\/noticias\/cnj-unifica-criterios-para-concessao-de-bpc-a-pessoa-com-deficiencia<\/a><\/p>\n","protected":false},"excerpt":{"rendered":"<p>A partir de mar\u00e7o de 2026, a concess\u00e3o de benef\u00edcio assistencial a pessoas com defici\u00eancia depender\u00e1 de avalia\u00e7\u00e3o biopsicossocial mesmo quando feita por ordem judicial. A medida foi determinada pelo Conselho Nacional de Justi\u00e7a (CNJ) em resolu\u00e7\u00e3o publicada na \u00faltima ter\u00e7a-feira (29\/7), atendendo a sugest\u00e3o da Advocacia-Geral da Uni\u00e3o (AGU). Atualmente, somente as concess\u00f5es feitas &hellip;<\/p>\n","protected":false},"author":1,"featured_media":97495,"comment_status":"open","ping_status":"open","sticky":false,"template":"","format":"standard","meta":{"footnotes":""},"categories":[18],"tags":[],"class_list":["post-135564","post","type-post","status-publish","format-standard","has-post-thumbnail","hentry","category-brasil"],"_links":{"self":[{"href":"https:\/\/iparaiba.com.br\/index.php\/wp-json\/wp\/v2\/posts\/135564","targetHints":{"allow":["GET"]}}],"collection":[{"href":"https:\/\/iparaiba.com.br\/index.php\/wp-json\/wp\/v2\/posts"}],"about":[{"href":"https:\/\/iparaiba.com.br\/index.php\/wp-json\/wp\/v2\/types\/post"}],"author":[{"embeddable":true,"href":"https:\/\/iparaiba.com.br\/index.php\/wp-json\/wp\/v2\/users\/1"}],"replies":[{"embeddable":true,"href":"https:\/\/iparaiba.com.br\/index.php\/wp-json\/wp\/v2\/comments?post=135564"}],"version-history":[{"count":1,"href":"https:\/\/iparaiba.com.br\/index.php\/wp-json\/wp\/v2\/posts\/135564\/revisions"}],"predecessor-version":[{"id":135588,"href":"https:\/\/iparaiba.com.br\/index.php\/wp-json\/wp\/v2\/posts\/135564\/revisions\/135588"}],"wp:featuredmedia":[{"embeddable":true,"href":"https:\/\/iparaiba.com.br\/index.php\/wp-json\/wp\/v2\/media\/97495"}],"wp:attachment":[{"href":"https:\/\/iparaiba.com.br\/index.php\/wp-json\/wp\/v2\/media?parent=135564"}],"wp:term":[{"taxonomy":"category","embeddable":true,"href":"https:\/\/iparaiba.com.br\/index.php\/wp-json\/wp\/v2\/categories?post=135564"},{"taxonomy":"post_tag","embeddable":true,"href":"https:\/\/iparaiba.com.br\/index.php\/wp-json\/wp\/v2\/tags?post=135564"}],"curies":[{"name":"wp","href":"https:\/\/api.w.org\/{rel}","templated":true}]}}