{"id":135562,"date":"2025-08-06T14:00:51","date_gmt":"2025-08-06T17:00:51","guid":{"rendered":"https:\/\/onordeste.com.br\/?p=135562"},"modified":"2025-08-06T14:00:51","modified_gmt":"2025-08-06T17:00:51","slug":"lula-diz-que-brasil-nao-e-republiqueta-e-precisa-defender-interesses-estrategicos-nas-negociacoes-com-os-eua","status":"publish","type":"post","link":"https:\/\/iparaiba.com.br\/index.php\/2025\/08\/06\/lula-diz-que-brasil-nao-e-republiqueta-e-precisa-defender-interesses-estrategicos-nas-negociacoes-com-os-eua\/","title":{"rendered":"Lula diz que Brasil n\u00e3o \u00e9 republiqueta e precisa defender interesses estrat\u00e9gicos nas negocia\u00e7\u00f5es com os EUA"},"content":{"rendered":"<p>O presidente Luiz In\u00e1cio Lula da Silva afirmou, neste domingo (3\/8), que o Brasil n\u00e3o quer desafiar os EUA, mas tem interesses estrat\u00e9gicos que precisa defender. Lula disse que\u00a0o Brasil n\u00e3o \u00e9 uma \u201crepubliqueta\u201d e que quer negociar em igualdade de condi\u00e7\u00f5es. As declara\u00e7\u00f5es foram feitas durante discurso na\u00a0conven\u00e7\u00e3o do Partido dos Trabalhadores (PT), em Bras\u00edlia, quando o presidente falou sobre o tarifa\u00e7o de 50% que os Estados Unidos (EUA) impuseram contra o Brasil. Cerca de\u00a036% das exporta\u00e7\u00f5es brasileiras foram taxadas\u00a0pela Casa Branca.<\/p>\n<blockquote><p>Os EUA s\u00e3o muito grande, \u00e9 o pa\u00eds mais b\u00e9lico do mundo, \u00e9 o pa\u00eds mais tecnol\u00f3gico do mundo, \u00e9 o pa\u00eds com a maior economia do mundo. Tudo isso \u00e9 muito importante. Mas n\u00f3s queremos ser respeitados pelo nosso tamanho. N\u00f3s temos interesses econ\u00f4micos e estrat\u00e9gicos. N\u00f3s queremos crescer. E n\u00f3s n\u00e3o somos uma republiqueta. Tentar colocar um assunto pol\u00edtico para nos taxar economicamente \u00e9 inaceit\u00e1vel. \u00c9 inaceit\u00e1vel\u201d, avaliou.<\/p><\/blockquote>\n<p>Lula fez refer\u00eancia \u00e0s cr\u00edticas dos EUA ao julgamento do ex-presidente Jair Bolsonaro por tentativa de golpe de Estado, um dos motivos apontados por Trump para taxar o Brasil.<\/p>\n<p>O presidente disse ainda que o\u00a0Brasil n\u00e3o deve abrir m\u00e3o de procurar viabilizar uma alternativa\u00a0ao d\u00f3lar como moeda para fazer com\u00e9rcio internacional<\/p>\n<p>\u201cEu n\u00e3o vou abrir m\u00e3o de achar que a gente precisa procurar construir uma moeda alternativa para que a gente possa negociar com os outros pa\u00edses. Eu n\u00e3o preciso ficar subordinado ao d\u00f3lar\u201d, afirmou o presidente brasileiro.<\/p>\n<p>Apesar de os EUA n\u00e3o citarem diretamente a substitui\u00e7\u00e3o do d\u00f3lar no com\u00e9rcio global como motivo para taxa\u00e7\u00e3o do Brasil,\u00a0analistas t\u00eam apontado que essa proposta em discuss\u00e3o no Brics\u00a0est\u00e1 por tr\u00e1s da a\u00e7\u00e3o de Donald Trump.<\/p>\n<p>Durante a C\u00fapula do Brics, no Rio de Janeiro (RJ), entre 6 e 7 de julho, Trump fez cr\u00edticas ao bloco e prometeu retaliar pa\u00edses que substituam o d\u00f3lar no com\u00e9rcio. O uso do d\u00f3lar como moeda internacional concede uma vantagem competitiva para os EUA na economia global.<\/p>\n<h4><strong>Rela\u00e7\u00f5es diplom\u00e1ticas<\/strong><\/h4>\n<p>O presidente brasileiro acrescentou que o governo segue aberto a negocia\u00e7\u00f5es com os EUA e que, apesar de o pa\u00eds norte-americano n\u00e3o ter mais a mesma import\u00e2ncia econ\u00f4mica que j\u00e1 teve para o Brasil, as rela\u00e7\u00f5es diplom\u00e1ticas devem ser preservadas.<\/p>\n<p>\u201cO Brasil hoje n\u00e3o \u00e9 t\u00e3o dependente como j\u00e1 foi dos Estados Unidos. O Brasil tem uma rela\u00e7\u00e3o comercial muito ampla no mundo inteiro. A gente est\u00e1 muito mais tranquilo do ponto de vista econ\u00f4mico. Mas, obviamente, que eu n\u00e3o vou deixar de compreender a import\u00e2ncia da rela\u00e7\u00e3o diplom\u00e1tica com os Estados Unidos, que j\u00e1 dura 201 anos\u201d, afirmou.<\/p>\n<p>Lula disse ainda que o governo vai trabalhar para defender as empresas e os trabalhadores afetados pelo tarifa\u00e7o enquanto deixa a porta aberta para negocia\u00e7\u00f5es com a Casa Branca.<\/p>\n<p>\u201cVamos dizer o seguinte, \u2018olha, quando quiser negociar, as propostas est\u00e3o na mesa. Ali\u00e1s, j\u00e1 foram apresentadas propostas pelo [vice-presidente] Alckmin e pelo [ministro das rela\u00e7\u00f5es exteriores] Mauro Vieira. Ent\u00e3o, \u00e9 simplesmente isso\u201d, finalizou.<\/p>\n<p><strong>Negocia\u00e7\u00f5es<\/strong><\/p>\n<p>Ap\u00f3s a formaliza\u00e7\u00e3o do tarifa\u00e7o, a Secretaria de Tesouro dos EUA entrou em contato com o Minist\u00e9rio da Fazenda para\u00a0iniciar negocia\u00e7\u00f5es. Na \u00faltima sexta-feira (1\u00ba\/8), o presidente\u00a0Donald Trump disse que est\u00e1 disposto a conversar com o presidente Lula.<br \/>\nSegundo Haddad, o governo deve anunciar, nos pr\u00f3ximos dias, um pacote de medidas com linhas de cr\u00e9dito para empresas afetadas pelo tarifa\u00e7o de Trump.<\/p>\n<p>agenciagov.ebc.<\/p>\n","protected":false},"excerpt":{"rendered":"<p>O presidente Luiz In\u00e1cio Lula da Silva afirmou, neste domingo (3\/8), que o Brasil n\u00e3o quer desafiar os EUA, mas tem interesses estrat\u00e9gicos que precisa defender. Lula disse que\u00a0o Brasil n\u00e3o \u00e9 uma \u201crepubliqueta\u201d e que quer negociar em igualdade de condi\u00e7\u00f5es. As declara\u00e7\u00f5es foram feitas durante discurso na\u00a0conven\u00e7\u00e3o do Partido dos Trabalhadores (PT), em &hellip;<\/p>\n","protected":false},"author":1,"featured_media":108785,"comment_status":"open","ping_status":"open","sticky":false,"template":"","format":"standard","meta":{"footnotes":""},"categories":[10],"tags":[],"class_list":["post-135562","post","type-post","status-publish","format-standard","has-post-thumbnail","hentry","category-manchetes"],"_links":{"self":[{"href":"https:\/\/iparaiba.com.br\/index.php\/wp-json\/wp\/v2\/posts\/135562","targetHints":{"allow":["GET"]}}],"collection":[{"href":"https:\/\/iparaiba.com.br\/index.php\/wp-json\/wp\/v2\/posts"}],"about":[{"href":"https:\/\/iparaiba.com.br\/index.php\/wp-json\/wp\/v2\/types\/post"}],"author":[{"embeddable":true,"href":"https:\/\/iparaiba.com.br\/index.php\/wp-json\/wp\/v2\/users\/1"}],"replies":[{"embeddable":true,"href":"https:\/\/iparaiba.com.br\/index.php\/wp-json\/wp\/v2\/comments?post=135562"}],"version-history":[{"count":1,"href":"https:\/\/iparaiba.com.br\/index.php\/wp-json\/wp\/v2\/posts\/135562\/revisions"}],"predecessor-version":[{"id":135587,"href":"https:\/\/iparaiba.com.br\/index.php\/wp-json\/wp\/v2\/posts\/135562\/revisions\/135587"}],"wp:featuredmedia":[{"embeddable":true,"href":"https:\/\/iparaiba.com.br\/index.php\/wp-json\/wp\/v2\/media\/108785"}],"wp:attachment":[{"href":"https:\/\/iparaiba.com.br\/index.php\/wp-json\/wp\/v2\/media?parent=135562"}],"wp:term":[{"taxonomy":"category","embeddable":true,"href":"https:\/\/iparaiba.com.br\/index.php\/wp-json\/wp\/v2\/categories?post=135562"},{"taxonomy":"post_tag","embeddable":true,"href":"https:\/\/iparaiba.com.br\/index.php\/wp-json\/wp\/v2\/tags?post=135562"}],"curies":[{"name":"wp","href":"https:\/\/api.w.org\/{rel}","templated":true}]}}