{"id":135558,"date":"2025-08-06T10:00:19","date_gmt":"2025-08-06T13:00:19","guid":{"rendered":"https:\/\/onordeste.com.br\/?p=135558"},"modified":"2025-08-06T10:00:19","modified_gmt":"2025-08-06T13:00:19","slug":"policia-regulariza-situacao-migratoria-de-criancas-venezuelanas","status":"publish","type":"post","link":"https:\/\/iparaiba.com.br\/index.php\/2025\/08\/06\/policia-regulariza-situacao-migratoria-de-criancas-venezuelanas\/","title":{"rendered":"Pol\u00edcia regulariza situa\u00e7\u00e3o migrat\u00f3ria de crian\u00e7as venezuelanas"},"content":{"rendered":"<p><strong>Manaus\/AM.<\/strong>\u00a0A Pol\u00edcia Federal, nesta sexta-feira (1\/8), em parceria com o Tribunal de Justi\u00e7a do Amazonas \u2013 TJ\/AM e com a Secretaria de Estado de Justi\u00e7a, Cidadania e Direitos Humanos \u2013 SEJUSC\/AM, efetivou no Posto de Atendimento a Estrangeiros a regulariza\u00e7\u00e3o migrat\u00f3ria de duas crian\u00e7as venezuelanas, de 3 e 6 anos, em situa\u00e7\u00e3o de rua, que se encontravam em vulnerabilidade, sem parentes conhecidos, em Manaus.<\/p>\n<p>Essa a\u00e7\u00e3o conjunta contou com a colabora\u00e7\u00e3o \u00edmpar da Coordenadoria da Inf\u00e2ncia e Juventude do Tribunal de Justi\u00e7a do Amazonas, que reportou a import\u00e2ncia da documenta\u00e7\u00e3o dessas crian\u00e7as para que pudessem acessar os servi\u00e7os p\u00fablicos b\u00e1sicos de educa\u00e7\u00e3o e sa\u00fade, tendo sido nomeada uma guardi\u00e3 do servi\u00e7o social.<\/p>\n<p>A equipe da PF conseguiu realizar os atendimentos e fornecer a documenta\u00e7\u00e3o b\u00e1sica para que as crian\u00e7as possam entrar na fila de ado\u00e7\u00e3o e encontrar uma nova fam\u00edlia.<\/p>\n<p>Esse tipo de a\u00e7\u00e3o reflete a import\u00e2ncia que a Pol\u00edcia Federal confere \u00e0 tem\u00e1tica migrat\u00f3ria com vistas \u00e0 promo\u00e7\u00e3o dos direitos humanos. Para d\u00favidas e emiss\u00e3o de documentos visite o Posto de Atendimento da PF, endere\u00e7o: PAC\/Compensa \u2013 Av. Brasil, 1325 \u2013 Compensa. Manaus\/AM.<\/p>\n<p><em>Comunica\u00e7\u00e3o Social da Pol\u00edcia Federal no Amazonas<\/em><\/p>\n","protected":false},"excerpt":{"rendered":"<p>Manaus\/AM.\u00a0A Pol\u00edcia Federal, nesta sexta-feira (1\/8), em parceria com o Tribunal de Justi\u00e7a do Amazonas \u2013 TJ\/AM e com a Secretaria de Estado de Justi\u00e7a, Cidadania e Direitos Humanos \u2013 SEJUSC\/AM, efetivou no Posto de Atendimento a Estrangeiros a regulariza\u00e7\u00e3o migrat\u00f3ria de duas crian\u00e7as venezuelanas, de 3 e 6 anos, em situa\u00e7\u00e3o de rua, que &hellip;<\/p>\n","protected":false},"author":1,"featured_media":97413,"comment_status":"open","ping_status":"open","sticky":false,"template":"","format":"standard","meta":{"footnotes":""},"categories":[13],"tags":[],"class_list":["post-135558","post","type-post","status-publish","format-standard","has-post-thumbnail","hentry","category-policial"],"_links":{"self":[{"href":"https:\/\/iparaiba.com.br\/index.php\/wp-json\/wp\/v2\/posts\/135558","targetHints":{"allow":["GET"]}}],"collection":[{"href":"https:\/\/iparaiba.com.br\/index.php\/wp-json\/wp\/v2\/posts"}],"about":[{"href":"https:\/\/iparaiba.com.br\/index.php\/wp-json\/wp\/v2\/types\/post"}],"author":[{"embeddable":true,"href":"https:\/\/iparaiba.com.br\/index.php\/wp-json\/wp\/v2\/users\/1"}],"replies":[{"embeddable":true,"href":"https:\/\/iparaiba.com.br\/index.php\/wp-json\/wp\/v2\/comments?post=135558"}],"version-history":[{"count":1,"href":"https:\/\/iparaiba.com.br\/index.php\/wp-json\/wp\/v2\/posts\/135558\/revisions"}],"predecessor-version":[{"id":135585,"href":"https:\/\/iparaiba.com.br\/index.php\/wp-json\/wp\/v2\/posts\/135558\/revisions\/135585"}],"wp:featuredmedia":[{"embeddable":true,"href":"https:\/\/iparaiba.com.br\/index.php\/wp-json\/wp\/v2\/media\/97413"}],"wp:attachment":[{"href":"https:\/\/iparaiba.com.br\/index.php\/wp-json\/wp\/v2\/media?parent=135558"}],"wp:term":[{"taxonomy":"category","embeddable":true,"href":"https:\/\/iparaiba.com.br\/index.php\/wp-json\/wp\/v2\/categories?post=135558"},{"taxonomy":"post_tag","embeddable":true,"href":"https:\/\/iparaiba.com.br\/index.php\/wp-json\/wp\/v2\/tags?post=135558"}],"curies":[{"name":"wp","href":"https:\/\/api.w.org\/{rel}","templated":true}]}}