{"id":135557,"date":"2025-08-06T08:00:03","date_gmt":"2025-08-06T11:00:03","guid":{"rendered":"https:\/\/onordeste.com.br\/?p=135556"},"modified":"2025-08-06T08:00:03","modified_gmt":"2025-08-06T11:00:03","slug":"apreendidas-mais-de-27-toneladas-de-maconha","status":"publish","type":"post","link":"https:\/\/iparaiba.com.br\/index.php\/2025\/08\/06\/apreendidas-mais-de-27-toneladas-de-maconha\/","title":{"rendered":"Apreendidas mais de 2,7 toneladas de maconha"},"content":{"rendered":"<p><strong>Foz do Igua\u00e7u\/PR.<\/strong>\u00a0Em uma a\u00e7\u00e3o realizada na manh\u00e3 de quarta-feira, 30\/8, a Pol\u00edcia Federal apreendeu uma carga de 2.774 kg de maconha escondida em meio a uma carga de arroz em um caminh\u00e3o, durante fiscaliza\u00e7\u00e3o realizada em um posto de combust\u00edveis da cidade.<\/p>\n<p>Segundo informa\u00e7\u00f5es repassadas pela equipe, a carga il\u00edcita teria sido carregada possivelmente durante a noite, quando o ve\u00edculo se encontrava em um estacionamento de ve\u00edculos de carga na regi\u00e3o do bairro Tr\u00eas Lagoas em Foz do Igua\u00e7u\/PR.<\/p>\n<p>O ve\u00edculo encontrava-se sem o condutor no momento da fiscaliza\u00e7\u00e3o, raz\u00e3o pela qual a Pol\u00edcia Federal o encaminhou juntamente com a carga de entorpecentes at\u00e9 a Delegacia de Foz, onde as investiga\u00e7\u00f5es para apurar os respons\u00e1veis pela carga il\u00edcita ser\u00e3o iniciadas.<\/p>\n<p><em>Comunica\u00e7\u00e3o Social da Pol\u00edcia Federal em Foz do Igua\u00e7u<\/em><\/p>\n","protected":false},"excerpt":{"rendered":"<p>Foz do Igua\u00e7u\/PR.\u00a0Em uma a\u00e7\u00e3o realizada na manh\u00e3 de quarta-feira, 30\/8, a Pol\u00edcia Federal apreendeu uma carga de 2.774 kg de maconha escondida em meio a uma carga de arroz em um caminh\u00e3o, durante fiscaliza\u00e7\u00e3o realizada em um posto de combust\u00edveis da cidade. Segundo informa\u00e7\u00f5es repassadas pela equipe, a carga il\u00edcita teria sido carregada possivelmente &hellip;<\/p>\n","protected":false},"author":1,"featured_media":123379,"comment_status":"open","ping_status":"open","sticky":false,"template":"","format":"standard","meta":{"footnotes":""},"categories":[13],"tags":[],"class_list":["post-135557","post","type-post","status-publish","format-standard","has-post-thumbnail","hentry","category-policial"],"_links":{"self":[{"href":"https:\/\/iparaiba.com.br\/index.php\/wp-json\/wp\/v2\/posts\/135557","targetHints":{"allow":["GET"]}}],"collection":[{"href":"https:\/\/iparaiba.com.br\/index.php\/wp-json\/wp\/v2\/posts"}],"about":[{"href":"https:\/\/iparaiba.com.br\/index.php\/wp-json\/wp\/v2\/types\/post"}],"author":[{"embeddable":true,"href":"https:\/\/iparaiba.com.br\/index.php\/wp-json\/wp\/v2\/users\/1"}],"replies":[{"embeddable":true,"href":"https:\/\/iparaiba.com.br\/index.php\/wp-json\/wp\/v2\/comments?post=135557"}],"version-history":[{"count":1,"href":"https:\/\/iparaiba.com.br\/index.php\/wp-json\/wp\/v2\/posts\/135557\/revisions"}],"predecessor-version":[{"id":135584,"href":"https:\/\/iparaiba.com.br\/index.php\/wp-json\/wp\/v2\/posts\/135557\/revisions\/135584"}],"wp:featuredmedia":[{"embeddable":true,"href":"https:\/\/iparaiba.com.br\/index.php\/wp-json\/wp\/v2\/media\/123379"}],"wp:attachment":[{"href":"https:\/\/iparaiba.com.br\/index.php\/wp-json\/wp\/v2\/media?parent=135557"}],"wp:term":[{"taxonomy":"category","embeddable":true,"href":"https:\/\/iparaiba.com.br\/index.php\/wp-json\/wp\/v2\/categories?post=135557"},{"taxonomy":"post_tag","embeddable":true,"href":"https:\/\/iparaiba.com.br\/index.php\/wp-json\/wp\/v2\/tags?post=135557"}],"curies":[{"name":"wp","href":"https:\/\/api.w.org\/{rel}","templated":true}]}}