{"id":135554,"date":"2025-08-05T18:29:18","date_gmt":"2025-08-05T21:29:18","guid":{"rendered":"https:\/\/onordeste.com.br\/?p=135550"},"modified":"2025-08-05T18:29:18","modified_gmt":"2025-08-05T21:29:18","slug":"540-vagas-para-promocao-de-oficiais","status":"publish","type":"post","link":"https:\/\/iparaiba.com.br\/index.php\/2025\/08\/05\/540-vagas-para-promocao-de-oficiais\/","title":{"rendered":"540 vagas para promo\u00e7\u00e3o de oficiais"},"content":{"rendered":"<p>O Governo da Para\u00edba, por meio da Pol\u00edcia Militar, divulgou, na quinta-feira (31), o n\u00famero de vagas que ser\u00e3o oferecidas para a pr\u00f3xima promo\u00e7\u00e3o de oficiais. No total, s\u00e3o 540 vagas para os quadros de oficiais de Estado-Maior, da Sa\u00fade e Especialistas. Os detalhes est\u00e3o no Boletim Geral da PM de n\u00ba 0141. Essa foi mais uma conquista gerada pela Lei de Organiza\u00e7\u00e3o B\u00e1sica da PM, que foi sancionada pelo governador Jo\u00e3o Az\u00eavedo, este m\u00eas.<\/p>\n<p>Para o Quadro de Oficiais de Estado-Maior, s\u00e3o cinco vagas para o posto de coronel, 38 para o de tenente-coronel, 57 para major, 58 para capit\u00e3o e 160 para 2\u00ba tenente. J\u00e1 para o Quadro de Oficiais da Sa\u00fade, s\u00e3o tr\u00eas vagas para tenente-coronel, quatro para major, 14 para capit\u00e3o, 30 para 1\u00ba tenente e 25 para 2\u00ba tenente. Em rela\u00e7\u00e3o ao Quadro de Oficiais Especialistas, foram abertas duas vagas para tenente-coronel, oito para major, 24 para capit\u00e3o, 67 para 1\u00ba tenente e 45 para 2\u00ba tenente.<\/p>\n<p>A reestrutura\u00e7\u00e3o da organiza\u00e7\u00e3o funcional da Pol\u00edcia Militar da Para\u00edba, feita pelo governador Jo\u00e3o Az\u00eavedo, atende demandas hist\u00f3ricas da corpora\u00e7\u00e3o e traz, entre outros benef\u00edcios, o avan\u00e7o nas carreiras da corpora\u00e7\u00e3o.<\/p>\n","protected":false},"excerpt":{"rendered":"<p>O Governo da Para\u00edba, por meio da Pol\u00edcia Militar, divulgou, na quinta-feira (31), o n\u00famero de vagas que ser\u00e3o oferecidas para a pr\u00f3xima promo\u00e7\u00e3o de oficiais. No total, s\u00e3o 540 vagas para os quadros de oficiais de Estado-Maior, da Sa\u00fade e Especialistas. Os detalhes est\u00e3o no Boletim Geral da PM de n\u00ba 0141. Essa foi &hellip;<\/p>\n","protected":false},"author":1,"featured_media":116720,"comment_status":"open","ping_status":"open","sticky":false,"template":"","format":"standard","meta":{"footnotes":""},"categories":[13],"tags":[],"class_list":["post-135554","post","type-post","status-publish","format-standard","has-post-thumbnail","hentry","category-policial"],"_links":{"self":[{"href":"https:\/\/iparaiba.com.br\/index.php\/wp-json\/wp\/v2\/posts\/135554","targetHints":{"allow":["GET"]}}],"collection":[{"href":"https:\/\/iparaiba.com.br\/index.php\/wp-json\/wp\/v2\/posts"}],"about":[{"href":"https:\/\/iparaiba.com.br\/index.php\/wp-json\/wp\/v2\/types\/post"}],"author":[{"embeddable":true,"href":"https:\/\/iparaiba.com.br\/index.php\/wp-json\/wp\/v2\/users\/1"}],"replies":[{"embeddable":true,"href":"https:\/\/iparaiba.com.br\/index.php\/wp-json\/wp\/v2\/comments?post=135554"}],"version-history":[{"count":1,"href":"https:\/\/iparaiba.com.br\/index.php\/wp-json\/wp\/v2\/posts\/135554\/revisions"}],"predecessor-version":[{"id":135582,"href":"https:\/\/iparaiba.com.br\/index.php\/wp-json\/wp\/v2\/posts\/135554\/revisions\/135582"}],"wp:featuredmedia":[{"embeddable":true,"href":"https:\/\/iparaiba.com.br\/index.php\/wp-json\/wp\/v2\/media\/116720"}],"wp:attachment":[{"href":"https:\/\/iparaiba.com.br\/index.php\/wp-json\/wp\/v2\/media?parent=135554"}],"wp:term":[{"taxonomy":"category","embeddable":true,"href":"https:\/\/iparaiba.com.br\/index.php\/wp-json\/wp\/v2\/categories?post=135554"},{"taxonomy":"post_tag","embeddable":true,"href":"https:\/\/iparaiba.com.br\/index.php\/wp-json\/wp\/v2\/tags?post=135554"}],"curies":[{"name":"wp","href":"https:\/\/api.w.org\/{rel}","templated":true}]}}