{"id":135552,"date":"2025-08-05T14:00:22","date_gmt":"2025-08-05T17:00:22","guid":{"rendered":"https:\/\/onordeste.com.br\/?p=135546"},"modified":"2025-08-05T14:00:22","modified_gmt":"2025-08-05T17:00:22","slug":"barragem-de-r-16-milhoes-garante-seguranca-hidrica","status":"publish","type":"post","link":"https:\/\/iparaiba.com.br\/index.php\/2025\/08\/05\/barragem-de-r-16-milhoes-garante-seguranca-hidrica\/","title":{"rendered":"Barragem de R$ 16 milh\u00f5es garante seguran\u00e7a h\u00eddrica"},"content":{"rendered":"<p>O governador Jo\u00e3o Azev\u00eado inaugurou em Pedra Lavrada, Curimata\u00fa paraibano, a Barragem Jos\u00e9 Proc\u00f3pio de Barros (Barragem de Porcos), que recebeu mais de R$ 16,2 milh\u00f5es em investimentos e vai garantir abastecimento d&#8217;\u00e1gua no munic\u00edpio e na zona rural da regi\u00e3o. Mais cedo, em S\u00e3o Vicente do Serid\u00f3, o chefe do Executivo estadual entregou o novo complexo educacional da Escola de Ensino Fundamental Maria Francinete de Souza, com R$ 4,3 milh\u00f5es em investimentos \u2014 entre os ambientes contemplados, est\u00e3o dez salas de aula, sendo oito no primeiro pavimento e duas no t\u00e9rreo.<\/p>\n<p>Situada na Bacia do Rio Serid\u00f3, a Barragem de Porcos tem como principal finalidade abastecer o munic\u00edpio de Pedra Lavrada e da Zona Rural da regi\u00e3o \u2014 o reservat\u00f3rio tem capacidade para 5,6 bilh\u00f5es de litros.<\/p>\n<p>A barragem, que recebeu investimentos superiores a R$ 16.250.585,49, \u00e9 constitu\u00edda de um maci\u00e7o de concreto compactado com rolo (CCR), com extens\u00e3o total pelo coroamento de 109,10 m e altura m\u00e1xima de 24,25 m, com extravasor incorporado no maci\u00e7o com soleira tipo Creager, com extens\u00e3o de 50m.<\/p>\n<p>Na solenidade de inaugura\u00e7\u00e3o, o governador Jo\u00e3o Azev\u00eado ressaltou a import\u00e2ncia da barragem para Pedra Lavrada e regi\u00e3o. &#8220;Essa barragem representa uma grande transforma\u00e7\u00e3o para as pessoas que ali vivem. \u00c9, verdadeiramente, uma mudan\u00e7a de vida. Essa obra n\u00e3o \u00e9 uma conquista do governador ou de secret\u00e1rios; \u00e9 uma conquista da popula\u00e7\u00e3o. Desde 2019, o nosso Governo j\u00e1 investiu em Pedra Lavrada R$ 48 milh\u00f5es&#8221;, disse, citando outras obras de seguran\u00e7a h\u00eddrica, como a Adutora Transpara\u00edba, entre outros investimentos que ultrapassam R$ 1 bilh\u00e3o.<\/p>\n<p>O vice-governador Lucas Ribeiro tamb\u00e9m destacou a import\u00e2ncia da Barragem de Porcos. &#8220;Quanto foi aguardada essa barragem, um sonho antigo que se concretiza porque a gest\u00e3o do governador Jo\u00e3o Azev\u00eado colocou a Para\u00edba em dia, tendo condi\u00e7\u00f5es de entregar obra por todo o Estado, que transformam a vida da nossa popula\u00e7\u00e3o&#8221;, comentou.<\/p>\n","protected":false},"excerpt":{"rendered":"<p>O governador Jo\u00e3o Azev\u00eado inaugurou em Pedra Lavrada, Curimata\u00fa paraibano, a Barragem Jos\u00e9 Proc\u00f3pio de Barros (Barragem de Porcos), que recebeu mais de R$ 16,2 milh\u00f5es em investimentos e vai garantir abastecimento d&#8217;\u00e1gua no munic\u00edpio e na zona rural da regi\u00e3o. Mais cedo, em S\u00e3o Vicente do Serid\u00f3, o chefe do Executivo estadual entregou o &hellip;<\/p>\n","protected":false},"author":1,"featured_media":97392,"comment_status":"open","ping_status":"open","sticky":false,"template":"","format":"standard","meta":{"footnotes":""},"categories":[3],"tags":[],"class_list":["post-135552","post","type-post","status-publish","format-standard","has-post-thumbnail","hentry","category-nordeste"],"_links":{"self":[{"href":"https:\/\/iparaiba.com.br\/index.php\/wp-json\/wp\/v2\/posts\/135552","targetHints":{"allow":["GET"]}}],"collection":[{"href":"https:\/\/iparaiba.com.br\/index.php\/wp-json\/wp\/v2\/posts"}],"about":[{"href":"https:\/\/iparaiba.com.br\/index.php\/wp-json\/wp\/v2\/types\/post"}],"author":[{"embeddable":true,"href":"https:\/\/iparaiba.com.br\/index.php\/wp-json\/wp\/v2\/users\/1"}],"replies":[{"embeddable":true,"href":"https:\/\/iparaiba.com.br\/index.php\/wp-json\/wp\/v2\/comments?post=135552"}],"version-history":[{"count":1,"href":"https:\/\/iparaiba.com.br\/index.php\/wp-json\/wp\/v2\/posts\/135552\/revisions"}],"predecessor-version":[{"id":135580,"href":"https:\/\/iparaiba.com.br\/index.php\/wp-json\/wp\/v2\/posts\/135552\/revisions\/135580"}],"wp:featuredmedia":[{"embeddable":true,"href":"https:\/\/iparaiba.com.br\/index.php\/wp-json\/wp\/v2\/media\/97392"}],"wp:attachment":[{"href":"https:\/\/iparaiba.com.br\/index.php\/wp-json\/wp\/v2\/media?parent=135552"}],"wp:term":[{"taxonomy":"category","embeddable":true,"href":"https:\/\/iparaiba.com.br\/index.php\/wp-json\/wp\/v2\/categories?post=135552"},{"taxonomy":"post_tag","embeddable":true,"href":"https:\/\/iparaiba.com.br\/index.php\/wp-json\/wp\/v2\/tags?post=135552"}],"curies":[{"name":"wp","href":"https:\/\/api.w.org\/{rel}","templated":true}]}}