{"id":135551,"date":"2025-08-05T12:00:54","date_gmt":"2025-08-05T15:00:54","guid":{"rendered":"https:\/\/onordeste.com.br\/?p=135544"},"modified":"2025-08-05T12:00:54","modified_gmt":"2025-08-05T15:00:54","slug":"haddad-brasil-nao-saira-da-mesa-de-negociacao-com-eua","status":"publish","type":"post","link":"https:\/\/iparaiba.com.br\/index.php\/2025\/08\/05\/haddad-brasil-nao-saira-da-mesa-de-negociacao-com-eua\/","title":{"rendered":"Haddad: Brasil n\u00e3o sair\u00e1 da mesa de negocia\u00e7\u00e3o com EUA"},"content":{"rendered":"<p>O Brasil n\u00e3o vai sair da mesa de negocia\u00e7\u00e3o com os Estados Unidos, admitiu hoje (21) o ministro da Fazenda, Fernando Haddad.<\/p>\n<p>Em entrevista \u00e0 R\u00e1dio CBN, o ministro afirmou que o governo brasileiro n\u00e3o vai deixar a mesa de negocia\u00e7\u00e3o, mas n\u00e3o descarta que o tarifa\u00e7o sobre os produtos brasileiros possa mesmo ter in\u00edcio a partir do dia 1\u00ba de agosto.<\/p>\n<p>Apesar disso, o governo vem trabalhando em planos de conting\u00eancia para ajudar os setores mais prejudicados com o plano de Donald Trump visando estabelecer uma tarifa de 50% sobre todos os produtos brasileiros que s\u00e3o exportados para os Estados Unidos.<\/p>\n<p>\u201cO Brasil n\u00e3o vai sair da mesa de negocia\u00e7\u00e3o. A determina\u00e7\u00e3o do presidente Lula \u00e9 de que n\u00f3s n\u00e3o demos nenhuma raz\u00e3o para sofrer esse tipo de san\u00e7\u00e3o e a orienta\u00e7\u00e3o dele \u00e9 a seguinte: o vice-presidente [Geraldo] Alckmin, o Minist\u00e9rio da Fazenda e o Itamaraty est\u00e3o engajados permanentemente [na negocia\u00e7\u00e3o]. Mandamos uma segunda carta [ao governo dos Estados Unidos] na semana passada, em acr\u00e9scimo \u00e0 de maio, da qual n\u00f3s n\u00e3o obtivemos resposta at\u00e9 agora, mas n\u00f3s vamos insistir na negocia\u00e7\u00e3o comercial para que possamos encontrar um caminho de aproxima\u00e7\u00e3o dos dois pa\u00edses que n\u00e3o t\u00eam raz\u00e3o nenhuma para estarem distanciados\u201d, acentuou o ministro.<\/p>\n<p>Segundo ele, um grupo de trabalho est\u00e1 trabalhando para ajudar os setores brasileiros mais afetados pelo poss\u00edvel aumento do imposto de importa\u00e7\u00e3o dos EUA, mas essas possibilidades ainda n\u00e3o foram apresentadas ao presidente Luiz In\u00e1cio Lula da Silva.<\/p>\n<p>Cen\u00e1rios poss\u00edveis<br \/>\n\u201cA pedido do presidente Lula, n\u00f3s estamos desenhando os cen\u00e1rios poss\u00edveis, tanto da abertura de negocia\u00e7\u00f5es por parte dos Estados Unidos, o que n\u00e3o aconteceu ainda, at\u00e9 uma resposta eventual \u00e0s duas cartas que n\u00f3s mandamos. Podemos chegar no dia primeiro [de agosto] sem resposta? Esse \u00e9 um cen\u00e1rio que n\u00f3s n\u00e3o podemos desconsiderar neste momento. Mas ele n\u00e3o \u00e9 o \u00fanico cen\u00e1rio que est\u00e1 sendo considerado por n\u00f3s\u201d, afirmou. \u201cEnt\u00e3o n\u00f3s temos plano de conting\u00eancia para qualquer decis\u00e3o que venha a ser tomada pelo Presidente da Rep\u00fablica\u201d, acrescentou.<\/p>\n<p>Haddad disse que o governo Lula n\u00e3o vai \u201cpagar na mesma moeda\u201d em rela\u00e7\u00e3o a san\u00e7\u00f5es contra americanos ou empresas americanas. Mas que o governo estuda aplicar a lei da reciprocidade.<\/p>\n<p>\u201cTemos um grupo de trabalho se preparando para apresentar [propostas] essa semana para o presidente. Quais s\u00e3o as alternativas que temos? Tanto em rela\u00e7\u00e3o \u00e0 lei da reciprocidade quanto em rela\u00e7\u00e3o a um eventual apoio que o presidente eventualmente queira considerar em rela\u00e7\u00e3o aos setores mais prejudicados. Mas isso n\u00e3o foi apresentado ainda ao presidente Lula\u201d, disse o ministro da Fazenda.<\/p>\n<p>Ag\u00eancia Brasil<\/p>\n","protected":false},"excerpt":{"rendered":"<p>O Brasil n\u00e3o vai sair da mesa de negocia\u00e7\u00e3o com os Estados Unidos, admitiu hoje (21) o ministro da Fazenda, Fernando Haddad. Em entrevista \u00e0 R\u00e1dio CBN, o ministro afirmou que o governo brasileiro n\u00e3o vai deixar a mesa de negocia\u00e7\u00e3o, mas n\u00e3o descarta que o tarifa\u00e7o sobre os produtos brasileiros possa mesmo ter in\u00edcio &hellip;<\/p>\n","protected":false},"author":1,"featured_media":123174,"comment_status":"open","ping_status":"open","sticky":false,"template":"","format":"standard","meta":{"footnotes":""},"categories":[10],"tags":[],"class_list":["post-135551","post","type-post","status-publish","format-standard","has-post-thumbnail","hentry","category-manchetes"],"_links":{"self":[{"href":"https:\/\/iparaiba.com.br\/index.php\/wp-json\/wp\/v2\/posts\/135551","targetHints":{"allow":["GET"]}}],"collection":[{"href":"https:\/\/iparaiba.com.br\/index.php\/wp-json\/wp\/v2\/posts"}],"about":[{"href":"https:\/\/iparaiba.com.br\/index.php\/wp-json\/wp\/v2\/types\/post"}],"author":[{"embeddable":true,"href":"https:\/\/iparaiba.com.br\/index.php\/wp-json\/wp\/v2\/users\/1"}],"replies":[{"embeddable":true,"href":"https:\/\/iparaiba.com.br\/index.php\/wp-json\/wp\/v2\/comments?post=135551"}],"version-history":[{"count":1,"href":"https:\/\/iparaiba.com.br\/index.php\/wp-json\/wp\/v2\/posts\/135551\/revisions"}],"predecessor-version":[{"id":135579,"href":"https:\/\/iparaiba.com.br\/index.php\/wp-json\/wp\/v2\/posts\/135551\/revisions\/135579"}],"wp:featuredmedia":[{"embeddable":true,"href":"https:\/\/iparaiba.com.br\/index.php\/wp-json\/wp\/v2\/media\/123174"}],"wp:attachment":[{"href":"https:\/\/iparaiba.com.br\/index.php\/wp-json\/wp\/v2\/media?parent=135551"}],"wp:term":[{"taxonomy":"category","embeddable":true,"href":"https:\/\/iparaiba.com.br\/index.php\/wp-json\/wp\/v2\/categories?post=135551"},{"taxonomy":"post_tag","embeddable":true,"href":"https:\/\/iparaiba.com.br\/index.php\/wp-json\/wp\/v2\/tags?post=135551"}],"curies":[{"name":"wp","href":"https:\/\/api.w.org\/{rel}","templated":true}]}}