{"id":135547,"date":"2025-08-04T16:03:47","date_gmt":"2025-08-04T19:03:47","guid":{"rendered":"https:\/\/onordeste.com.br\/?p=135536"},"modified":"2025-08-04T16:03:47","modified_gmt":"2025-08-04T19:03:47","slug":"copom-decide-manter-taxa-selic-em-15","status":"publish","type":"post","link":"https:\/\/iparaiba.com.br\/index.php\/2025\/08\/04\/copom-decide-manter-taxa-selic-em-15\/","title":{"rendered":"Copom decide manter taxa Selic em 15%"},"content":{"rendered":"<p>O recuo da infla\u00e7\u00e3o e o in\u00edcio da desacelera\u00e7\u00e3o da economia fizeram o Banco Central (BC) interromper o ciclo de aumento de juros.<\/p>\n<p>Por unanimidade, o Comit\u00ea de Pol\u00edtica Monet\u00e1ria (Copom) manteve a Taxa Selic, juros b\u00e1sicos da economia, em 15% ao ano. A decis\u00e3o, que j\u00e1 era esperada pelo mercado financeiro, foi un\u00e2nime.<\/p>\n<p>Em comunicado, o Copom informou que a pol\u00edtica comercial dos Estados Unidos aumentou as incertezas em rela\u00e7\u00e3o aos pre\u00e7os.<\/p>\n<p>A autoridade monet\u00e1ria informou que, por enquanto, pretende manter os juros b\u00e1sicos, mas n\u00e3o descartou a possibilidade de voltar a elevar a Selic caso seja necess\u00e1rio.<\/p>\n<p>\u201cO comit\u00ea tem acompanhado, com particular aten\u00e7\u00e3o, os an\u00fancios referentes \u00e0 imposi\u00e7\u00e3o pelos Estados Unidos de tarifas comerciais ao Brasil, refor\u00e7ando a postura de cautela em cen\u00e1rio de maior incerteza\u201d, afirmou o comunicado. \u201c[O Copom] enfatiza que seguir\u00e1 vigilante, que os passos futuros da pol\u00edtica monet\u00e1ria poder\u00e3o ser ajustados e que n\u00e3o hesitar\u00e1 em retomar o ciclo de ajuste caso julgue apropriado\u201d, acrescentou.<\/p>\n<p>A taxa est\u00e1 no maior n\u00edvel desde julho de 2006, quando estava em 15,25% ao ano. A pausa no aperto monet\u00e1rio consolida um ciclo de contra\u00e7\u00e3o na pol\u00edtica monet\u00e1ria.<\/p>\n<p>De setembro do ano passado a maio deste ano, a Selic foi elevada sete vezes. Ap\u00f3s chegar a 10,5% ao ano de junho a agosto do ano passado, a taxa come\u00e7ou a ser elevada em setembro do ano passado, com uma alta de 0,25 ponto, uma de 0,5 ponto, tr\u00eas de 1 ponto percentual, uma de 0,5 ponto e outra em 0,25 ponto.<\/p>\n<p>A Selic \u00e9 o principal instrumento do Banco Central para manter sob controle a infla\u00e7\u00e3o oficial, medida pelo \u00cdndice Nacional de Pre\u00e7os ao Consumidor Amplo (IPCA). Em junho, o IPCA recuou para 0,24%, mesmo com a press\u00e3o de alguns alimentos e da conta de energia. Com o resultado, o indicador acumula alta de 5,35% em 12 meses, acima do teto da meta cont\u00ednua de infla\u00e7\u00e3o.<\/p>\n<p>Ag\u00eancia Brasil<\/p>\n","protected":false},"excerpt":{"rendered":"<p>O recuo da infla\u00e7\u00e3o e o in\u00edcio da desacelera\u00e7\u00e3o da economia fizeram o Banco Central (BC) interromper o ciclo de aumento de juros. Por unanimidade, o Comit\u00ea de Pol\u00edtica Monet\u00e1ria (Copom) manteve a Taxa Selic, juros b\u00e1sicos da economia, em 15% ao ano. A decis\u00e3o, que j\u00e1 era esperada pelo mercado financeiro, foi un\u00e2nime. Em &hellip;<\/p>\n","protected":false},"author":1,"featured_media":0,"comment_status":"open","ping_status":"open","sticky":false,"template":"","format":"standard","meta":{"footnotes":""},"categories":[16],"tags":[],"class_list":["post-135547","post","type-post","status-publish","format-standard","has-post-thumbnail","hentry","category-economia"],"_links":{"self":[{"href":"https:\/\/iparaiba.com.br\/index.php\/wp-json\/wp\/v2\/posts\/135547","targetHints":{"allow":["GET"]}}],"collection":[{"href":"https:\/\/iparaiba.com.br\/index.php\/wp-json\/wp\/v2\/posts"}],"about":[{"href":"https:\/\/iparaiba.com.br\/index.php\/wp-json\/wp\/v2\/types\/post"}],"author":[{"embeddable":true,"href":"https:\/\/iparaiba.com.br\/index.php\/wp-json\/wp\/v2\/users\/1"}],"replies":[{"embeddable":true,"href":"https:\/\/iparaiba.com.br\/index.php\/wp-json\/wp\/v2\/comments?post=135547"}],"version-history":[{"count":1,"href":"https:\/\/iparaiba.com.br\/index.php\/wp-json\/wp\/v2\/posts\/135547\/revisions"}],"predecessor-version":[{"id":135574,"href":"https:\/\/iparaiba.com.br\/index.php\/wp-json\/wp\/v2\/posts\/135547\/revisions\/135574"}],"wp:attachment":[{"href":"https:\/\/iparaiba.com.br\/index.php\/wp-json\/wp\/v2\/media?parent=135547"}],"wp:term":[{"taxonomy":"category","embeddable":true,"href":"https:\/\/iparaiba.com.br\/index.php\/wp-json\/wp\/v2\/categories?post=135547"},{"taxonomy":"post_tag","embeddable":true,"href":"https:\/\/iparaiba.com.br\/index.php\/wp-json\/wp\/v2\/tags?post=135547"}],"curies":[{"name":"wp","href":"https:\/\/api.w.org\/{rel}","templated":true}]}}