{"id":135524,"date":"2025-07-30T11:28:22","date_gmt":"2025-07-30T14:28:22","guid":{"rendered":"https:\/\/onordeste.com.br\/?p=135482"},"modified":"2025-07-30T11:28:22","modified_gmt":"2025-07-30T14:28:22","slug":"legislativo-debate-o-ambiente","status":"publish","type":"post","link":"https:\/\/iparaiba.com.br\/index.php\/2025\/07\/30\/legislativo-debate-o-ambiente\/","title":{"rendered":"Legislativo debate o ambiente"},"content":{"rendered":"<p>A C\u00e2mara Municipal de Campina Grande realizou uma audi\u00eancia p\u00fablica com o objetivo de debater o ambiental local e regional, com foco na COP30 \u2014 a 30\u00aa Confer\u00eancia das Na\u00e7\u00f5es Unidas sobre Mudan\u00e7as Clim\u00e1ticas \u2014 e nos impactos sociais e ambientais do projeto da Barragem do Cov\u00e3o.<\/p>\n<p>O evento contou com a participa\u00e7\u00e3o de representantes de institui\u00e7\u00f5es p\u00fablicas, organiza\u00e7\u00f5es da sociedade civil, universidades, movimentos sociais e ambientais, al\u00e9m da presen\u00e7a de autoridades e gestores de \u00f3rg\u00e3os t\u00e9cnicos. Ainda durante a sess\u00e3o, a vereadora J\u00f4 Oliveira, autora da propositura, realizou a entrega da Medalha Celso Furtado a personalidades e entidades que se destacam por suas contribui\u00e7\u00f5es ao desenvolvimento sustent\u00e1vel e \u00e0 justi\u00e7a social.<\/p>\n","protected":false},"excerpt":{"rendered":"<p>A C\u00e2mara Municipal de Campina Grande realizou uma audi\u00eancia p\u00fablica com o objetivo de debater o ambiental local e regional, com foco na COP30 \u2014 a 30\u00aa Confer\u00eancia das Na\u00e7\u00f5es Unidas sobre Mudan\u00e7as Clim\u00e1ticas \u2014 e nos impactos sociais e ambientais do projeto da Barragem do Cov\u00e3o. O evento contou com a participa\u00e7\u00e3o de representantes &hellip;<\/p>\n","protected":false},"author":1,"featured_media":97546,"comment_status":"open","ping_status":"open","sticky":false,"template":"","format":"standard","meta":{"footnotes":""},"categories":[8],"tags":[],"class_list":["post-135524","post","type-post","status-publish","format-standard","has-post-thumbnail","hentry","category-politica"],"_links":{"self":[{"href":"https:\/\/iparaiba.com.br\/index.php\/wp-json\/wp\/v2\/posts\/135524","targetHints":{"allow":["GET"]}}],"collection":[{"href":"https:\/\/iparaiba.com.br\/index.php\/wp-json\/wp\/v2\/posts"}],"about":[{"href":"https:\/\/iparaiba.com.br\/index.php\/wp-json\/wp\/v2\/types\/post"}],"author":[{"embeddable":true,"href":"https:\/\/iparaiba.com.br\/index.php\/wp-json\/wp\/v2\/users\/1"}],"replies":[{"embeddable":true,"href":"https:\/\/iparaiba.com.br\/index.php\/wp-json\/wp\/v2\/comments?post=135524"}],"version-history":[{"count":0,"href":"https:\/\/iparaiba.com.br\/index.php\/wp-json\/wp\/v2\/posts\/135524\/revisions"}],"wp:featuredmedia":[{"embeddable":true,"href":"https:\/\/iparaiba.com.br\/index.php\/wp-json\/wp\/v2\/media\/97546"}],"wp:attachment":[{"href":"https:\/\/iparaiba.com.br\/index.php\/wp-json\/wp\/v2\/media?parent=135524"}],"wp:term":[{"taxonomy":"category","embeddable":true,"href":"https:\/\/iparaiba.com.br\/index.php\/wp-json\/wp\/v2\/categories?post=135524"},{"taxonomy":"post_tag","embeddable":true,"href":"https:\/\/iparaiba.com.br\/index.php\/wp-json\/wp\/v2\/tags?post=135524"}],"curies":[{"name":"wp","href":"https:\/\/api.w.org\/{rel}","templated":true}]}}