{"id":135523,"date":"2025-07-30T11:26:27","date_gmt":"2025-07-30T14:26:27","guid":{"rendered":"https:\/\/onordeste.com.br\/?p=135480"},"modified":"2025-07-30T11:26:27","modified_gmt":"2025-07-30T14:26:27","slug":"meio-ambiente-e-sustentabilidade-sao-destaques","status":"publish","type":"post","link":"https:\/\/iparaiba.com.br\/index.php\/2025\/07\/30\/meio-ambiente-e-sustentabilidade-sao-destaques\/","title":{"rendered":"Meio ambiente e sustentabilidade s\u00e3o destaques"},"content":{"rendered":"<p align=\"justify\"><span lang=\"pt-BR\">No primeiro semestre, a C\u00e2mara Municipal de Jo\u00e3o Pessoa (CMJP) aprovou e o Executivo sancionou diversas mat\u00e9rias que versam sobre o meio ambiente e sustentabilidade na capital paraibana. Um exemplo foi a\u00a0<\/span><span lang=\"zxx\"><u><a href=\"https:\/\/joaopessoa.pb.leg.br\/cmjp-aprova-codigo-de-meio-ambiente-e-emprestimo-para-drenagem-e-pavimentacao-de-ruas\/\" target=\"_blank\" rel=\"noopener\" data-saferedirecturl=\"https:\/\/www.google.com\/url?q=https:\/\/joaopessoa.pb.leg.br\/cmjp-aprova-codigo-de-meio-ambiente-e-emprestimo-para-drenagem-e-pavimentacao-de-ruas\/&amp;source=gmail&amp;ust=1753971617024000&amp;usg=AOvVaw0fB7g1QIMRS1QyCip2WzJV\"><span lang=\"pt-BR\">institui\u00e7\u00e3o<\/span><\/a><\/u><\/span><span lang=\"pt-BR\">\u00a0do C\u00f3digo de Meio Ambiente do Munic\u00edpio, sancionado em janeiro.<\/span><\/p>\n<p align=\"justify\"><span lang=\"pt-BR\">A Lei Complementar\u00a0<\/span><span lang=\"zxx\"><u><a href=\"https:\/\/sapl.joaopessoa.pb.leg.br\/media\/sapl\/public\/normajuridica\/2025\/22011\/lc_170_-_08.01.25_-_institui_codigo_de_meio_ambiente_do_municipio_de_joao_pessoa.pdf\" target=\"_blank\" rel=\"noopener\" data-saferedirecturl=\"https:\/\/www.google.com\/url?q=https:\/\/sapl.joaopessoa.pb.leg.br\/media\/sapl\/public\/normajuridica\/2025\/22011\/lc_170_-_08.01.25_-_institui_codigo_de_meio_ambiente_do_municipio_de_joao_pessoa.pdf&amp;source=gmail&amp;ust=1753971617024000&amp;usg=AOvVaw1Fnn5EjrNQecvyxAmoV6l1\"><span lang=\"pt-BR\">170\/2025<\/span><\/a><\/u><\/span><span lang=\"pt-BR\">, de autoria do Executivo Municipal, disp\u00f5e sobre a pol\u00edtica e o sistema municipal de meio ambiente, sobre os recursos naturais, normas e padr\u00f5es de qualidade, al\u00e9m da pol\u00edtica de mitiga\u00e7\u00e3o e adapta\u00e7\u00e3o \u00e0 mudan\u00e7a do clima, da seguran\u00e7a e do bem-estar social. Segundo o Executivo Municipal, a nova legisla\u00e7\u00e3o estabelece a simplifica\u00e7\u00e3o dos instrumentos jur\u00eddicos de orienta\u00e7\u00e3o das pol\u00edticas municipais do Meio Ambiente, al\u00e9m de atualizar os processos de licenciamento de atividades ou empreendimentos potencialmente poluidores.<\/span><\/p>\n<p align=\"justify\"><span lang=\"pt-BR\">De autoria do presidente da Casa, vereador Dinho (PSD), tamb\u00e9m foi sancionada este ano a Lei\u00a0<\/span><span lang=\"zxx\"><u><a href=\"https:\/\/sapl.joaopessoa.pb.leg.br\/media\/sapl\/public\/normajuridica\/2025\/22021\/15.428_-_30.01.25_-_dispoe_sobre_instalacao_do_sistema_de_ecobarreiras_na_rede_hidrografica.pdf\" target=\"_blank\" rel=\"noopener\" data-saferedirecturl=\"https:\/\/www.google.com\/url?q=https:\/\/sapl.joaopessoa.pb.leg.br\/media\/sapl\/public\/normajuridica\/2025\/22021\/15.428_-_30.01.25_-_dispoe_sobre_instalacao_do_sistema_de_ecobarreiras_na_rede_hidrografica.pdf&amp;source=gmail&amp;ust=1753971617024000&amp;usg=AOvVaw3FJH7lg3QU9bQt3jUW4oeV\"><span lang=\"pt-BR\">15.428\/2025<\/span><\/a><\/u><\/span><span lang=\"pt-BR\">, que disp\u00f5e sobre a instala\u00e7\u00e3o de ecobarreiras na Rede Hidrogr\u00e1fica do Munic\u00edpio. O sistema de ecobarreiras (barragem de lixo) tem a finalidade de conter os res\u00edduos s\u00f3lidos do munic\u00edpio, buscando a diminui\u00e7\u00e3o da polui\u00e7\u00e3o ambiental em virtude do descarte irregular de lixo e outros dejetos, al\u00e9m de minimizar os problemas enfrentados pela falta de preserva\u00e7\u00e3o do meio ambiente ocasionada pelo despejo de res\u00edduos na rede hidrogr\u00e1fica.<\/span><\/p>\n<p align=\"justify\"><span lang=\"pt-BR\">Tamb\u00e9m j\u00e1 \u00e9 lei a obrigatoriedade das empresas concession\u00e1rias, prestadoras de servi\u00e7os p\u00fablicos, de telefonia, TV por assinatura e internet, realizarem a remo\u00e7\u00e3o e o descarte dos fios de cabeamento, ap\u00f3s o cancelamento do servi\u00e7o pelo usu\u00e1rio. De autoria do vereador Dam\u00e1sio Franca (PP), a Lei\u00a0<\/span><span lang=\"zxx\"><u><a href=\"https:\/\/sapl.joaopessoa.pb.leg.br\/media\/sapl\/public\/normajuridica\/2025\/22161\/15.506_-_06.05.25_-_obrigatoriedade_empresas_telefonia_tv_internet_remover_fios_apos_cancelamento_do_servico.pdf\" target=\"_blank\" rel=\"noopener\" data-saferedirecturl=\"https:\/\/www.google.com\/url?q=https:\/\/sapl.joaopessoa.pb.leg.br\/media\/sapl\/public\/normajuridica\/2025\/22161\/15.506_-_06.05.25_-_obrigatoriedade_empresas_telefonia_tv_internet_remover_fios_apos_cancelamento_do_servico.pdf&amp;source=gmail&amp;ust=1753971617024000&amp;usg=AOvVaw2HqRJ7hTp7C8K-TOqASOLm\"><span lang=\"pt-BR\">15.506\/2025<\/span><\/a><\/u><\/span><span lang=\"pt-BR\">\u00a0prev\u00ea a remo\u00e7\u00e3o e descarte dos fios de cabeamento que abranjam a extens\u00e3o compreendida entre o ponto da rede situado no poste da via p\u00fablica, at\u00e9 o ponto de instala\u00e7\u00e3o localizado na parte interna do im\u00f3vel do usu\u00e1rio.<\/span><\/p>\n<p align=\"justify\"><span lang=\"pt-BR\">Com a finalidade de estimular a ado\u00e7\u00e3o de medidas de preserva\u00e7\u00e3o do meio ambiente e de educa\u00e7\u00e3o ambiental, foi\u00a0<\/span><span lang=\"zxx\"><u><a href=\"https:\/\/joaopessoa.pb.leg.br\/cmjp-aprova-campanha-amigo-da-natureza\/\" target=\"_blank\" rel=\"noopener\" data-saferedirecturl=\"https:\/\/www.google.com\/url?q=https:\/\/joaopessoa.pb.leg.br\/cmjp-aprova-campanha-amigo-da-natureza\/&amp;source=gmail&amp;ust=1753971617024000&amp;usg=AOvVaw02ENfnDHiL9tlyhXfUatYL\"><span lang=\"pt-BR\">aprovada<\/span><\/a><\/u><\/span><span lang=\"pt-BR\">\u00a0e sancionada a Lei\u00a0<\/span><span lang=\"zxx\"><u><a href=\"https:\/\/sapl.joaopessoa.pb.leg.br\/media\/sapl\/public\/normajuridica\/2025\/22134\/15.488_-_22.04.25_-_campanha_amigos_da_natureza_-maio_ambiente_-_plantio_arvores_nativas.pdf\" target=\"_blank\" rel=\"noopener\" data-saferedirecturl=\"https:\/\/www.google.com\/url?q=https:\/\/sapl.joaopessoa.pb.leg.br\/media\/sapl\/public\/normajuridica\/2025\/22134\/15.488_-_22.04.25_-_campanha_amigos_da_natureza_-maio_ambiente_-_plantio_arvores_nativas.pdf&amp;source=gmail&amp;ust=1753971617024000&amp;usg=AOvVaw1PSqGn6Jj7uXHH5TYG2hDH\"><span lang=\"pt-BR\">15.488\/2025<\/span><\/a><\/u><\/span><span lang=\"pt-BR\">, de autoria do Executivo Municipal, que institui a campanha \u201cAmigo da Natureza\u201d. Segundo a norma, a campanha, a ser realizada anualmente no per\u00edodo de 20 a 22 de abril, prev\u00ea o plantio de mudas de \u00e1rvores de esp\u00e9cies nativas do bioma local, conscientizando a comunidade sobre a import\u00e2ncia de preservar as \u00e1reas verdes no munic\u00edpio.<\/span><\/p>\n<p align=\"justify\"><span lang=\"pt-BR\">Tamb\u00e9m est\u00e1 em vigor a Lei\u00a0<\/span><span lang=\"zxx\"><u><a href=\"https:\/\/sapl.joaopessoa.pb.leg.br\/media\/sapl\/public\/normajuridica\/2025\/22140\/15.492_-_23.04.25_-_sistema_gerenciamento_de_residuos_da_construcao_civil_e_residuos_volumosos.pdf\" target=\"_blank\" rel=\"noopener\" data-saferedirecturl=\"https:\/\/www.google.com\/url?q=https:\/\/sapl.joaopessoa.pb.leg.br\/media\/sapl\/public\/normajuridica\/2025\/22140\/15.492_-_23.04.25_-_sistema_gerenciamento_de_residuos_da_construcao_civil_e_residuos_volumosos.pdf&amp;source=gmail&amp;ust=1753971617024000&amp;usg=AOvVaw0jtUV_Y0Uiqb7_9kfUkVBH\"><span lang=\"pt-BR\">15.492\/2025<\/span><\/a><\/u><\/span><span lang=\"pt-BR\">, de autoria do Executivo Municipal, que institui o Sistema Integrado de Gerenciamento de Res\u00edduos da Constru\u00e7\u00e3o Civil e Res\u00edduos Volumosos,\u00a0<\/span><span lang=\"zxx\"><u><a href=\"https:\/\/joaopessoa.pb.leg.br\/cmjp-aprova-sistema-integrado-de-gerenciamento-de-residuos-da-construcao-civil\/\" target=\"_blank\" rel=\"noopener\" data-saferedirecturl=\"https:\/\/www.google.com\/url?q=https:\/\/joaopessoa.pb.leg.br\/cmjp-aprova-sistema-integrado-de-gerenciamento-de-residuos-da-construcao-civil\/&amp;source=gmail&amp;ust=1753971617024000&amp;usg=AOvVaw1zm92P60hZCrBP1x_OWOgn\"><span lang=\"pt-BR\">aprovado<\/span><\/a><\/u><\/span><span lang=\"pt-BR\">\u00a0em abril. A norma estabelece que os res\u00edduos devem ser obrigatoriamente destinados \u00e0 triagem, reutiliza\u00e7\u00e3o, reciclagem, reserva\u00e7\u00e3o ou destina\u00e7\u00e3o mais adequada.<\/span><\/p>\n<p align=\"justify\">CMJP<\/p>\n","protected":false},"excerpt":{"rendered":"<p>No primeiro semestre, a C\u00e2mara Municipal de Jo\u00e3o Pessoa (CMJP) aprovou e o Executivo sancionou diversas mat\u00e9rias que versam sobre o meio ambiente e sustentabilidade na capital paraibana. Um exemplo foi a\u00a0institui\u00e7\u00e3o\u00a0do C\u00f3digo de Meio Ambiente do Munic\u00edpio, sancionado em janeiro. A Lei Complementar\u00a0170\/2025, de autoria do Executivo Municipal, disp\u00f5e sobre a pol\u00edtica e o &hellip;<\/p>\n","protected":false},"author":1,"featured_media":115387,"comment_status":"open","ping_status":"open","sticky":false,"template":"","format":"standard","meta":{"footnotes":""},"categories":[6],"tags":[],"class_list":["post-135523","post","type-post","status-publish","format-standard","has-post-thumbnail","hentry","category-destaques"],"_links":{"self":[{"href":"https:\/\/iparaiba.com.br\/index.php\/wp-json\/wp\/v2\/posts\/135523","targetHints":{"allow":["GET"]}}],"collection":[{"href":"https:\/\/iparaiba.com.br\/index.php\/wp-json\/wp\/v2\/posts"}],"about":[{"href":"https:\/\/iparaiba.com.br\/index.php\/wp-json\/wp\/v2\/types\/post"}],"author":[{"embeddable":true,"href":"https:\/\/iparaiba.com.br\/index.php\/wp-json\/wp\/v2\/users\/1"}],"replies":[{"embeddable":true,"href":"https:\/\/iparaiba.com.br\/index.php\/wp-json\/wp\/v2\/comments?post=135523"}],"version-history":[{"count":0,"href":"https:\/\/iparaiba.com.br\/index.php\/wp-json\/wp\/v2\/posts\/135523\/revisions"}],"wp:featuredmedia":[{"embeddable":true,"href":"https:\/\/iparaiba.com.br\/index.php\/wp-json\/wp\/v2\/media\/115387"}],"wp:attachment":[{"href":"https:\/\/iparaiba.com.br\/index.php\/wp-json\/wp\/v2\/media?parent=135523"}],"wp:term":[{"taxonomy":"category","embeddable":true,"href":"https:\/\/iparaiba.com.br\/index.php\/wp-json\/wp\/v2\/categories?post=135523"},{"taxonomy":"post_tag","embeddable":true,"href":"https:\/\/iparaiba.com.br\/index.php\/wp-json\/wp\/v2\/tags?post=135523"}],"curies":[{"name":"wp","href":"https:\/\/api.w.org\/{rel}","templated":true}]}}