{"id":135522,"date":"2025-07-30T11:25:19","date_gmt":"2025-07-30T14:25:19","guid":{"rendered":"https:\/\/onordeste.com.br\/?p=135478"},"modified":"2025-07-30T11:25:19","modified_gmt":"2025-07-30T14:25:19","slug":"joao-pessoa-440-anos","status":"publish","type":"post","link":"https:\/\/iparaiba.com.br\/index.php\/2025\/07\/30\/joao-pessoa-440-anos\/","title":{"rendered":"Jo\u00e3o Pessoa 440 anos"},"content":{"rendered":"<p align=\"justify\">A C\u00e2mara Municipal de Jo\u00e3o Pessoa (CMJP) vai promover, no pr\u00f3ximo dia 5 de agosto, a segunda edi\u00e7\u00e3o do Passeio Cicl\u00edstico pelo Centro Hist\u00f3rico, em comemora\u00e7\u00e3o aos 440 anos da cidade. Para participar do evento, os ciclistas dever\u00e3o se inscrever doando dois quilos de alimentos n\u00e3o perec\u00edveis, nas Lojas T\u00falio Bicicletas, no Centro, em Mana\u00edra e Mangabeira. \u00a0Os mil primeiros inscritos receber\u00e3o uma camiseta tem\u00e1tica e concorrer\u00e3o a uma bicicleta.<\/p>\n<p align=\"justify\">O evento refor\u00e7a as a\u00e7\u00f5es do programa \u2018Viva o Centro\u2019, que re\u00fane medidas e projetos para revigorar a \u00e1rea central da cidade, em uma iniciativa da Casa Napole\u00e3o Laureano, do Governo da Para\u00edba e da Prefeitura Municipal de Jo\u00e3o Pessoa (PMJP), em parceria com diversas entidades. O\u00a0p\u00e1tio da Catedral Bas\u00edlica de Nossa Senhora das Neves, o marco zero de Jo\u00e3o Pessoa, ser\u00e1 o ponto de concentra\u00e7\u00e3o dos participantes, a partir das 7h.<\/p>\n<p align=\"justify\">Este ano, o passeio contar\u00e1 com uma atra\u00e7\u00e3o musical. Em cima de um trio el\u00e9trico, o cantor pessoense Yuri Carvalho vai puxar e incentivar os ciclistas, por todo o percurso, com muita m\u00fasica e anima\u00e7\u00e3o. Ao final do passeio, os pedalistas ser\u00e3o recepcionados no Largo da Igreja S\u00e3o Francisco, onde o show do cantor continua. No mesmo local, haver\u00e1 um painel no qual os participantes poder\u00e3o deixar recados para a cidade aniversariante.<\/p>\n<p align=\"justify\">O presidente da C\u00e2mara, Dinho Dowsley (PSD), enfatizou que o evento \u00e9 uma a\u00e7\u00e3o importante, que visa n\u00e3o apenas estimular o esporte, mas, fazer um apelo pela preserva\u00e7\u00e3o da cidade e do Centro Hist\u00f3rico. \u201cEste Passeio Cicl\u00edstico se reveste de especial import\u00e2ncia, porque a C\u00e2mara de Jo\u00e3o Pessoa chama o povo da capital para discutir o necess\u00e1rio alavancamento do nosso Centro Hist\u00f3rico. Estamos nesta luta h\u00e1 v\u00e1rios anos. Mobilizamos Governo, Prefeitura, popula\u00e7\u00e3o e empres\u00e1rios. O que vemos, hoje, \u00e9 que esse trabalho tem dado frutos, com maior valoriza\u00e7\u00e3o do bairro. Para isso, tamb\u00e9m demos o exemplo, construindo uma nova sede nas Trincheiras, estimulando os outros poderes a fazer o mesmo. Propomos e conseguimos incentivos fiscais. \u00c9 a prova de que se todos derem as m\u00e3os, em poucos anos, teremos uma realidade totalmente diferente, com ganhos para a cidade\u201d, disse.<\/p>\n<p align=\"justify\">CMJP<\/p>\n","protected":false},"excerpt":{"rendered":"<p>A C\u00e2mara Municipal de Jo\u00e3o Pessoa (CMJP) vai promover, no pr\u00f3ximo dia 5 de agosto, a segunda edi\u00e7\u00e3o do Passeio Cicl\u00edstico pelo Centro Hist\u00f3rico, em comemora\u00e7\u00e3o aos 440 anos da cidade. Para participar do evento, os ciclistas dever\u00e3o se inscrever doando dois quilos de alimentos n\u00e3o perec\u00edveis, nas Lojas T\u00falio Bicicletas, no Centro, em Mana\u00edra &hellip;<\/p>\n","protected":false},"author":1,"featured_media":115192,"comment_status":"open","ping_status":"open","sticky":false,"template":"","format":"standard","meta":{"footnotes":""},"categories":[15],"tags":[],"class_list":["post-135522","post","type-post","status-publish","format-standard","has-post-thumbnail","hentry","category-links"],"_links":{"self":[{"href":"https:\/\/iparaiba.com.br\/index.php\/wp-json\/wp\/v2\/posts\/135522","targetHints":{"allow":["GET"]}}],"collection":[{"href":"https:\/\/iparaiba.com.br\/index.php\/wp-json\/wp\/v2\/posts"}],"about":[{"href":"https:\/\/iparaiba.com.br\/index.php\/wp-json\/wp\/v2\/types\/post"}],"author":[{"embeddable":true,"href":"https:\/\/iparaiba.com.br\/index.php\/wp-json\/wp\/v2\/users\/1"}],"replies":[{"embeddable":true,"href":"https:\/\/iparaiba.com.br\/index.php\/wp-json\/wp\/v2\/comments?post=135522"}],"version-history":[{"count":0,"href":"https:\/\/iparaiba.com.br\/index.php\/wp-json\/wp\/v2\/posts\/135522\/revisions"}],"wp:featuredmedia":[{"embeddable":true,"href":"https:\/\/iparaiba.com.br\/index.php\/wp-json\/wp\/v2\/media\/115192"}],"wp:attachment":[{"href":"https:\/\/iparaiba.com.br\/index.php\/wp-json\/wp\/v2\/media?parent=135522"}],"wp:term":[{"taxonomy":"category","embeddable":true,"href":"https:\/\/iparaiba.com.br\/index.php\/wp-json\/wp\/v2\/categories?post=135522"},{"taxonomy":"post_tag","embeddable":true,"href":"https:\/\/iparaiba.com.br\/index.php\/wp-json\/wp\/v2\/tags?post=135522"}],"curies":[{"name":"wp","href":"https:\/\/api.w.org\/{rel}","templated":true}]}}