{"id":135520,"date":"2025-07-30T11:21:47","date_gmt":"2025-07-30T14:21:47","guid":{"rendered":"https:\/\/onordeste.com.br\/?p=135474"},"modified":"2025-07-30T11:21:47","modified_gmt":"2025-07-30T14:21:47","slug":"cmjp-reinicia-trabalhos-legislativos","status":"publish","type":"post","link":"https:\/\/iparaiba.com.br\/index.php\/2025\/07\/30\/cmjp-reinicia-trabalhos-legislativos\/","title":{"rendered":"CMJP reinicia trabalhos legislativos"},"content":{"rendered":"<p align=\"justify\">Os trabalhos legislativos da C\u00e2mara Municipal de Jo\u00e3o Pessoa (CMJP) ser\u00e3o reiniciados na pr\u00f3xima quinta-feira (31). A sess\u00e3o solene est\u00e1 prevista para come\u00e7ar \u00e0s 9h30, no Plen\u00e1rio Senador Humberto Lucena. De acordo com o Cerimonial da Casa, o prefeito C\u00edcero Lucena (PP) e o vice-prefeito Leo Bezerra (PSB) confirmaram presen\u00e7a.<\/p>\n<p align=\"justify\">O presidente da Casa, Dinho Dowsley (PSD), lembrou que Legislativo Municipal foi extramente produtivo no primeiro semestre.<span lang=\"pt-BR\">\u201cA C\u00e2mara, mais uma vez, teve v\u00e1rios projetos discutidos, sem nenhuma sess\u00e3o declarat\u00f3ria. A Casa n\u00e3o deixou de funcionar um dia sequer\u201d, afirmou.<\/span><\/p>\n<p align=\"justify\">Entre as a\u00e7\u00f5es do primeiro semestre, Dinho destacou a realiza\u00e7\u00e3o do II Encontro Paraibano de C\u00e2maras Municipais, que r<span lang=\"pt-BR\">euniu 1.625 participantes, com a representa\u00e7\u00e3o de mais de 80% dos munic\u00edpios paraibanos; e a assinatura da ordem de servi\u00e7o das obras de constru\u00e7\u00e3o da nova sede social da CMJP. A expectativa \u00e9 que o complexo recreativo possibilite aos servidores do Legislativo Municipal o desfrute de \u00e1reas de lazer, centros de sa\u00fade e de capacita\u00e7\u00e3o.\u00a0<\/span><\/p>\n<p align=\"justify\">Dinho tamb\u00e9m lembrou que, durante o recesso legislativo (20 de junho a 30 de julho), a\u00a0<u><a href=\"https:\/\/joaopessoa.pb.leg.br\/camara-define-comissao-de-recesso\/\" target=\"_blank\" rel=\"noopener\" data-saferedirecturl=\"https:\/\/www.google.com\/url?q=https:\/\/joaopessoa.pb.leg.br\/camara-define-comissao-de-recesso\/&amp;source=gmail&amp;ust=1753971611622000&amp;usg=AOvVaw278R0fSYeqhujy1DSA2cN1\">comiss\u00e3o de recesso<\/a><\/u>\u00a0exerce a compet\u00eancia administrativa, em caso de urg\u00eancia, na aus\u00eancia ou impedimento dos membros da Mesa Diretora, al\u00e9m de representar a C\u00e2mara em eventos e exercer outras atribui\u00e7\u00f5es de car\u00e1ter urgente, que n\u00e3o possam aguardar o in\u00edcio do per\u00edodo legislativo seguinte.<\/p>\n","protected":false},"excerpt":{"rendered":"<p>Os trabalhos legislativos da C\u00e2mara Municipal de Jo\u00e3o Pessoa (CMJP) ser\u00e3o reiniciados na pr\u00f3xima quinta-feira (31). A sess\u00e3o solene est\u00e1 prevista para come\u00e7ar \u00e0s 9h30, no Plen\u00e1rio Senador Humberto Lucena. De acordo com o Cerimonial da Casa, o prefeito C\u00edcero Lucena (PP) e o vice-prefeito Leo Bezerra (PSB) confirmaram presen\u00e7a. O presidente da Casa, Dinho &hellip;<\/p>\n","protected":false},"author":1,"featured_media":99615,"comment_status":"open","ping_status":"open","sticky":false,"template":"","format":"standard","meta":{"footnotes":""},"categories":[8],"tags":[],"class_list":["post-135520","post","type-post","status-publish","format-standard","has-post-thumbnail","hentry","category-politica"],"_links":{"self":[{"href":"https:\/\/iparaiba.com.br\/index.php\/wp-json\/wp\/v2\/posts\/135520","targetHints":{"allow":["GET"]}}],"collection":[{"href":"https:\/\/iparaiba.com.br\/index.php\/wp-json\/wp\/v2\/posts"}],"about":[{"href":"https:\/\/iparaiba.com.br\/index.php\/wp-json\/wp\/v2\/types\/post"}],"author":[{"embeddable":true,"href":"https:\/\/iparaiba.com.br\/index.php\/wp-json\/wp\/v2\/users\/1"}],"replies":[{"embeddable":true,"href":"https:\/\/iparaiba.com.br\/index.php\/wp-json\/wp\/v2\/comments?post=135520"}],"version-history":[{"count":0,"href":"https:\/\/iparaiba.com.br\/index.php\/wp-json\/wp\/v2\/posts\/135520\/revisions"}],"wp:featuredmedia":[{"embeddable":true,"href":"https:\/\/iparaiba.com.br\/index.php\/wp-json\/wp\/v2\/media\/99615"}],"wp:attachment":[{"href":"https:\/\/iparaiba.com.br\/index.php\/wp-json\/wp\/v2\/media?parent=135520"}],"wp:term":[{"taxonomy":"category","embeddable":true,"href":"https:\/\/iparaiba.com.br\/index.php\/wp-json\/wp\/v2\/categories?post=135520"},{"taxonomy":"post_tag","embeddable":true,"href":"https:\/\/iparaiba.com.br\/index.php\/wp-json\/wp\/v2\/tags?post=135520"}],"curies":[{"name":"wp","href":"https:\/\/api.w.org\/{rel}","templated":true}]}}