{"id":135517,"date":"2025-08-01T16:06:53","date_gmt":"2025-08-01T19:06:53","guid":{"rendered":"https:\/\/onordeste.com.br\/?p=135517"},"modified":"2025-08-01T16:06:53","modified_gmt":"2025-08-01T19:06:53","slug":"hugo-motta-isencao-do-ir-para-quem-ganha-ate-r-5-mil-e-prioridade","status":"publish","type":"post","link":"https:\/\/iparaiba.com.br\/index.php\/2025\/08\/01\/hugo-motta-isencao-do-ir-para-quem-ganha-ate-r-5-mil-e-prioridade\/","title":{"rendered":"Hugo Motta: Isen\u00e7\u00e3o do IR para quem ganha at\u00e9 R$ 5 mil \u00e9 prioridade"},"content":{"rendered":"<p data-start=\"102\" data-end=\"457\">O presidente da C\u00e2mara dos Deputados, Hugo Motta (Republicanos-PB), afirmou que a prioridade da Casa no segundo semestre de 2025 ser\u00e1 a vota\u00e7\u00e3o do projeto que amplia a faixa de isen\u00e7\u00e3o do Imposto de Renda para quem recebe at\u00e9 R$ 5 mil por m\u00eas (<a href=\"https:\/\/www.camara.leg.br\/noticias\/1180848-comissao-da-camara-aprova-projeto-que-isenta-de-imposto-de-renda-quem-ganha-ate-r-5-mil-mensais\/\">PL 1087\/25<\/a>). Segundo ele, a medida representa &#8220;justi\u00e7a tribut\u00e1ria&#8221; e ter\u00e1 impacto direto no or\u00e7amento de milh\u00f5es de brasileiros.<\/p>\n<p data-start=\"459\" data-end=\"840\">Al\u00e9m da pauta tribut\u00e1ria, Hugo Motta destacou que a C\u00e2mara seguir\u00e1 discutindo temas relevantes como seguran\u00e7a p\u00fablica, educa\u00e7\u00e3o, intelig\u00eancia artificial e renegocia\u00e7\u00e3o de d\u00edvidas previdenci\u00e1rias de estados e munic\u00edpios. Ele refor\u00e7ou que comiss\u00f5es especiais j\u00e1 foram criadas ou instaladas para tratar dessas quest\u00f5es e que h\u00e1 compromisso em aprovar medidas de impacto social e econ\u00f4mico.<\/p>\n<p>Ag\u00eancia C\u00e2mara de Not\u00edcias<\/p>\n","protected":false},"excerpt":{"rendered":"<p>O presidente da C\u00e2mara dos Deputados, Hugo Motta (Republicanos-PB), afirmou que a prioridade da Casa no segundo semestre de 2025 ser\u00e1 a vota\u00e7\u00e3o do projeto que amplia a faixa de isen\u00e7\u00e3o do Imposto de Renda para quem recebe at\u00e9 R$ 5 mil por m\u00eas (PL 1087\/25). Segundo ele, a medida representa &#8220;justi\u00e7a tribut\u00e1ria&#8221; e ter\u00e1 &hellip;<\/p>\n","protected":false},"author":1,"featured_media":97416,"comment_status":"open","ping_status":"open","sticky":false,"template":"","format":"standard","meta":{"footnotes":""},"categories":[16],"tags":[],"class_list":["post-135517","post","type-post","status-publish","format-standard","has-post-thumbnail","hentry","category-economia"],"_links":{"self":[{"href":"https:\/\/iparaiba.com.br\/index.php\/wp-json\/wp\/v2\/posts\/135517","targetHints":{"allow":["GET"]}}],"collection":[{"href":"https:\/\/iparaiba.com.br\/index.php\/wp-json\/wp\/v2\/posts"}],"about":[{"href":"https:\/\/iparaiba.com.br\/index.php\/wp-json\/wp\/v2\/types\/post"}],"author":[{"embeddable":true,"href":"https:\/\/iparaiba.com.br\/index.php\/wp-json\/wp\/v2\/users\/1"}],"replies":[{"embeddable":true,"href":"https:\/\/iparaiba.com.br\/index.php\/wp-json\/wp\/v2\/comments?post=135517"}],"version-history":[{"count":1,"href":"https:\/\/iparaiba.com.br\/index.php\/wp-json\/wp\/v2\/posts\/135517\/revisions"}],"predecessor-version":[{"id":135541,"href":"https:\/\/iparaiba.com.br\/index.php\/wp-json\/wp\/v2\/posts\/135517\/revisions\/135541"}],"wp:featuredmedia":[{"embeddable":true,"href":"https:\/\/iparaiba.com.br\/index.php\/wp-json\/wp\/v2\/media\/97416"}],"wp:attachment":[{"href":"https:\/\/iparaiba.com.br\/index.php\/wp-json\/wp\/v2\/media?parent=135517"}],"wp:term":[{"taxonomy":"category","embeddable":true,"href":"https:\/\/iparaiba.com.br\/index.php\/wp-json\/wp\/v2\/categories?post=135517"},{"taxonomy":"post_tag","embeddable":true,"href":"https:\/\/iparaiba.com.br\/index.php\/wp-json\/wp\/v2\/tags?post=135517"}],"curies":[{"name":"wp","href":"https:\/\/api.w.org\/{rel}","templated":true}]}}