{"id":135515,"date":"2025-08-01T14:05:27","date_gmt":"2025-08-01T17:05:27","guid":{"rendered":"https:\/\/onordeste.com.br\/?p=135515"},"modified":"2025-08-01T14:05:27","modified_gmt":"2025-08-01T17:05:27","slug":"associacao-aciona-justica-contra-normas-que-proibem-criacao-de-pit-bulls","status":"publish","type":"post","link":"https:\/\/iparaiba.com.br\/index.php\/2025\/08\/01\/associacao-aciona-justica-contra-normas-que-proibem-criacao-de-pit-bulls\/","title":{"rendered":"Associa\u00e7\u00e3o aciona justi\u00e7a contra normas que pro\u00edbem cria\u00e7\u00e3o de pit bulls"},"content":{"rendered":"<p>A Associa\u00e7\u00e3o Intercontinental de Cinofilia (AIC) entrou com uma a\u00e7\u00e3o no Supremo Tribunal Federal (STF) contra uma lei e um decreto de Santa Catarina que pro\u00edbem a cria\u00e7\u00e3o e a comercializa\u00e7\u00e3o de c\u00e3es da ra\u00e7a pit bull e de seus cruzamentos. A A\u00e7\u00e3o Direta de Inconstitucionalidade\u00a0<strong><a href=\"https:\/\/portal.stf.jus.br\/processos\/detalhe.asp?incidente=7321998\" target=\"_blank\" rel=\"noreferrer noopener\" data-type=\"link\" data-id=\"https:\/\/portal.stf.jus.br\/processos\/detalhe.asp?incidente=7321998\">(ADI) 7850<\/a><\/strong>\u00a0foi distribu\u00edda ao ministro Andr\u00e9 Mendon\u00e7a.<\/p>\n<p>Para a AIC, a Lei estadual 14.204\/2007 e o Decreto 1.047\/2025 tratam de temas que competem exclusivamente \u00e0 Uni\u00e3o, como com\u00e9rcio exterior e interestadual e propriedade de animais, al\u00e9m de princ\u00edpios constitucionais como a livre iniciativa e a prote\u00e7\u00e3o dos animais.<\/p>\n<p>Sobre esse ponto, a entidade tamb\u00e9m argumenta que as normas n\u00e3o podem ser justificadas como medida de prote\u00e7\u00e3o ambiental, j\u00e1 que imp\u00f5em medidas,\u00a0 como a castra\u00e7\u00e3o obrigat\u00f3ria de filhotes, que podem levar \u00e0 extin\u00e7\u00e3o da ra\u00e7a no estado.<\/p>\n<p>A associa\u00e7\u00e3o pede que o STF conceda uma medida cautelar para suspender as exig\u00eancias impostas aos criadores at\u00e9 o julgamento do caso.<\/p>\n","protected":false},"excerpt":{"rendered":"<p>A Associa\u00e7\u00e3o Intercontinental de Cinofilia (AIC) entrou com uma a\u00e7\u00e3o no Supremo Tribunal Federal (STF) contra uma lei e um decreto de Santa Catarina que pro\u00edbem a cria\u00e7\u00e3o e a comercializa\u00e7\u00e3o de c\u00e3es da ra\u00e7a pit bull e de seus cruzamentos. A A\u00e7\u00e3o Direta de Inconstitucionalidade\u00a0(ADI) 7850\u00a0foi distribu\u00edda ao ministro Andr\u00e9 Mendon\u00e7a. Para a AIC, &hellip;<\/p>\n","protected":false},"author":1,"featured_media":108240,"comment_status":"open","ping_status":"open","sticky":false,"template":"","format":"standard","meta":{"footnotes":""},"categories":[9],"tags":[],"class_list":["post-135515","post","type-post","status-publish","format-standard","has-post-thumbnail","hentry","category-justica"],"_links":{"self":[{"href":"https:\/\/iparaiba.com.br\/index.php\/wp-json\/wp\/v2\/posts\/135515","targetHints":{"allow":["GET"]}}],"collection":[{"href":"https:\/\/iparaiba.com.br\/index.php\/wp-json\/wp\/v2\/posts"}],"about":[{"href":"https:\/\/iparaiba.com.br\/index.php\/wp-json\/wp\/v2\/types\/post"}],"author":[{"embeddable":true,"href":"https:\/\/iparaiba.com.br\/index.php\/wp-json\/wp\/v2\/users\/1"}],"replies":[{"embeddable":true,"href":"https:\/\/iparaiba.com.br\/index.php\/wp-json\/wp\/v2\/comments?post=135515"}],"version-history":[{"count":1,"href":"https:\/\/iparaiba.com.br\/index.php\/wp-json\/wp\/v2\/posts\/135515\/revisions"}],"predecessor-version":[{"id":135540,"href":"https:\/\/iparaiba.com.br\/index.php\/wp-json\/wp\/v2\/posts\/135515\/revisions\/135540"}],"wp:featuredmedia":[{"embeddable":true,"href":"https:\/\/iparaiba.com.br\/index.php\/wp-json\/wp\/v2\/media\/108240"}],"wp:attachment":[{"href":"https:\/\/iparaiba.com.br\/index.php\/wp-json\/wp\/v2\/media?parent=135515"}],"wp:term":[{"taxonomy":"category","embeddable":true,"href":"https:\/\/iparaiba.com.br\/index.php\/wp-json\/wp\/v2\/categories?post=135515"},{"taxonomy":"post_tag","embeddable":true,"href":"https:\/\/iparaiba.com.br\/index.php\/wp-json\/wp\/v2\/tags?post=135515"}],"curies":[{"name":"wp","href":"https:\/\/api.w.org\/{rel}","templated":true}]}}