{"id":135513,"date":"2025-08-01T12:03:58","date_gmt":"2025-08-01T15:03:58","guid":{"rendered":"https:\/\/onordeste.com.br\/?p=135513"},"modified":"2025-08-01T12:03:58","modified_gmt":"2025-08-01T15:03:58","slug":"entidade-questiona-no-stf-resolucao-que-define-diretrizes-para-unidades-socioeducativas","status":"publish","type":"post","link":"https:\/\/iparaiba.com.br\/index.php\/2025\/08\/01\/entidade-questiona-no-stf-resolucao-que-define-diretrizes-para-unidades-socioeducativas\/","title":{"rendered":"Entidade questiona no STF resolu\u00e7\u00e3o que define diretrizes para unidades socioeducativas"},"content":{"rendered":"<p>O Conselho Nacional de Entidades Representativas de Servidores e Trabalhadores do Sistema Socioeducativo (Conasse) entrou com a\u00e7\u00e3o no Supremo Tribunal Federal (STF) contra trechos de uma resolu\u00e7\u00e3o do Conselho Nacional dos Direitos da Crian\u00e7a e do Adolescente (Conanda). A norma estabelece diretrizes para o atendimento de adolescentes que cumprem medidas de restri\u00e7\u00e3o ou priva\u00e7\u00e3o de liberdade no sistema socioeducativo em todo o pa\u00eds.<\/p>\n<p>Na A\u00e7\u00e3o Direta de Inconstitucionalidade\u00a0<strong><a href=\"https:\/\/portal.stf.jus.br\/processos\/detalhe.asp?incidente=7321270\" target=\"_blank\" rel=\"noreferrer noopener\" data-type=\"link\" data-id=\"https:\/\/portal.stf.jus.br\/processos\/detalhe.asp?incidente=7321270\">(ADI) 7849<\/a><\/strong>, o Conasse questiona a Resolu\u00e7\u00e3o 252\/2024 do Conanda. Segundo a entidade, a norma detalha aspectos operacionais das unidades socioeducativas, como procedimentos de revista, especifica\u00e7\u00f5es t\u00e9cnicas de ve\u00edculos de transporte, uso de equipamentos de seguran\u00e7a, estrutura organizacional e outros aspectos de gest\u00e3o administrativa local, que competem exclusivamente aos entes federativos respons\u00e1veis pela execu\u00e7\u00e3o das medidas socioeducativas.<\/p>\n<p>Com isso, sustenta que a resolu\u00e7\u00e3o extrapola as atribui\u00e7\u00f5es legais e constitucionais do Conanda e viola, entre outros pontos, a autonomia dos estados e do Distrito Federal e a separa\u00e7\u00e3o dos Poderes. Afeta, ainda, as atribui\u00e7\u00f5es e responsabilidades dos trabalhadores do sistema.<\/p>\n<p>A ADI foi distribu\u00edda ao ministro Cristiano Zanin.<\/p>\n<p>STF<\/p>\n","protected":false},"excerpt":{"rendered":"<p>O Conselho Nacional de Entidades Representativas de Servidores e Trabalhadores do Sistema Socioeducativo (Conasse) entrou com a\u00e7\u00e3o no Supremo Tribunal Federal (STF) contra trechos de uma resolu\u00e7\u00e3o do Conselho Nacional dos Direitos da Crian\u00e7a e do Adolescente (Conanda). A norma estabelece diretrizes para o atendimento de adolescentes que cumprem medidas de restri\u00e7\u00e3o ou priva\u00e7\u00e3o de &hellip;<\/p>\n","protected":false},"author":1,"featured_media":98199,"comment_status":"open","ping_status":"open","sticky":false,"template":"","format":"standard","meta":{"footnotes":""},"categories":[9],"tags":[],"class_list":["post-135513","post","type-post","status-publish","format-standard","has-post-thumbnail","hentry","category-justica"],"_links":{"self":[{"href":"https:\/\/iparaiba.com.br\/index.php\/wp-json\/wp\/v2\/posts\/135513","targetHints":{"allow":["GET"]}}],"collection":[{"href":"https:\/\/iparaiba.com.br\/index.php\/wp-json\/wp\/v2\/posts"}],"about":[{"href":"https:\/\/iparaiba.com.br\/index.php\/wp-json\/wp\/v2\/types\/post"}],"author":[{"embeddable":true,"href":"https:\/\/iparaiba.com.br\/index.php\/wp-json\/wp\/v2\/users\/1"}],"replies":[{"embeddable":true,"href":"https:\/\/iparaiba.com.br\/index.php\/wp-json\/wp\/v2\/comments?post=135513"}],"version-history":[{"count":1,"href":"https:\/\/iparaiba.com.br\/index.php\/wp-json\/wp\/v2\/posts\/135513\/revisions"}],"predecessor-version":[{"id":135539,"href":"https:\/\/iparaiba.com.br\/index.php\/wp-json\/wp\/v2\/posts\/135513\/revisions\/135539"}],"wp:featuredmedia":[{"embeddable":true,"href":"https:\/\/iparaiba.com.br\/index.php\/wp-json\/wp\/v2\/media\/98199"}],"wp:attachment":[{"href":"https:\/\/iparaiba.com.br\/index.php\/wp-json\/wp\/v2\/media?parent=135513"}],"wp:term":[{"taxonomy":"category","embeddable":true,"href":"https:\/\/iparaiba.com.br\/index.php\/wp-json\/wp\/v2\/categories?post=135513"},{"taxonomy":"post_tag","embeddable":true,"href":"https:\/\/iparaiba.com.br\/index.php\/wp-json\/wp\/v2\/tags?post=135513"}],"curies":[{"name":"wp","href":"https:\/\/api.w.org\/{rel}","templated":true}]}}