{"id":135512,"date":"2025-08-01T10:00:07","date_gmt":"2025-08-01T13:00:07","guid":{"rendered":"https:\/\/onordeste.com.br\/?p=135511"},"modified":"2025-08-01T10:00:07","modified_gmt":"2025-08-01T13:00:07","slug":"stf-conclui-interrogatorio-dos-reus-sobre-tentativa-de-golpe-de-estado","status":"publish","type":"post","link":"https:\/\/iparaiba.com.br\/index.php\/2025\/08\/01\/stf-conclui-interrogatorio-dos-reus-sobre-tentativa-de-golpe-de-estado\/","title":{"rendered":"STF conclui interrogat\u00f3rio dos r\u00e9us sobre tentativa de golpe de Estado"},"content":{"rendered":"<p>O Supremo Tribunal Federal (STF) concluiu, nesta segunda-feira (28), a fase de interrogat\u00f3rio dos 31 r\u00e9us das A\u00e7\u00f5es Penais (APs)\u00a0<a href=\"https:\/\/portal.stf.jus.br\/processos\/detalhe.asp?incidente=7277145\" target=\"_blank\" rel=\"noreferrer noopener\" data-type=\"link\" data-id=\"https:\/\/portal.stf.jus.br\/processos\/detalhe.asp?incidente=7277145\"><strong>2668<\/strong><\/a>,\u00a0<strong><a href=\"https:\/\/portal.stf.jus.br\/processos\/detalhe.asp?incidente=7285943\" target=\"_blank\" rel=\"noreferrer noopener\" data-type=\"link\" data-id=\"https:\/\/portal.stf.jus.br\/processos\/detalhe.asp?incidente=7285943\">2693<\/a><\/strong>,\u00a0<strong><a href=\"https:\/\/portal.stf.jus.br\/processos\/detalhe.asp?incidente=7286019\" target=\"_blank\" rel=\"noreferrer noopener\" data-type=\"link\" data-id=\"https:\/\/portal.stf.jus.br\/processos\/detalhe.asp?incidente=7286019\">2694<\/a><\/strong>\u00a0e\u00a0<strong><a href=\"https:\/\/portal.stf.jus.br\/processos\/detalhe.asp?incidente=7291682\" target=\"_blank\" rel=\"noreferrer noopener\" data-type=\"link\" data-id=\"https:\/\/portal.stf.jus.br\/processos\/detalhe.asp?incidente=7291682\">2696<\/a><\/strong>, que apuram a tentativa de golpe de Estado entre 2022 e 2023.<\/p>\n<p>Os \u00faltimos a depor foram os 10 integrantes do N\u00facleo 3 \u2013 nove militares de alta patente e um agente da Pol\u00edcia Federal, acusados de atacar o sistema eleitoral e criar condi\u00e7\u00f5es para a ruptura institucional. O interrogat\u00f3rio foi conduzido pelo juiz auxiliar Rafael Henrique Janela Tamai Rocha, do gabinete do ministro Alexandre de Moraes, relator das APs.<\/p>\n<p>Foram ouvidos o coronel Bernardo Rom\u00e3o Corr\u00eaa Netto, o general da reserva Estevam Cals Theophilo Gaspar de Oliveira, o coronel Fabr\u00edcio Moreira de Bastos, o coronel M\u00e1rcio Nunes de Resende Jr., os tenentes-coron\u00e9is H\u00e9lio Ferreira Lima, Rafael Martins de Oliveira, Rodrigo Bezerra de Azevedo, Ronald Ferreira de Ara\u00fajo Jr. e S\u00e9rgio Ricardo Cavaliere de Medeiros e o agente da Pol\u00edcia Federal Wladimir Matos Soares.<\/p>\n<p>O interrogat\u00f3rio de r\u00e9us \u00e9 uma etapa prevista no C\u00f3digo de Processo Penal (CPP) e marca o momento em que os acusados s\u00e3o formalmente ouvidos pela Justi\u00e7a. Nessa fase, eles t\u00eam o direito de apresentar sua vers\u00e3o dos fatos, podendo responder ou n\u00e3o \u00e0s perguntas formuladas pelo juiz, pelo Minist\u00e9rio P\u00fablico, por sua pr\u00f3pria defesa e pelos advogados dos demais r\u00e9us.<\/p>\n<h5 class=\"wp-block-heading\"><strong>Pr\u00f3ximos passos<\/strong><\/h5>\n<p>Com o encerramento dessa fase, inicia-se o prazo de cinco dias para que as partes apresentem requerimentos para realiza\u00e7\u00e3o de dilig\u00eancias complementares, que devem buscar esclarecer circunst\u00e2ncias ou fatos apurados na instru\u00e7\u00e3o. Acusa\u00e7\u00e3o e defesas podem solicitar ao relator, entre outros, a juntada de novos documentos, a realiza\u00e7\u00e3o de per\u00edcia complementar e a realiza\u00e7\u00e3o de acarea\u00e7\u00f5es.<\/p>\n<p>A fase seguinte \u00e9 a das alega\u00e7\u00f5es finais, em que, sucessivamente, acusa\u00e7\u00e3o e defesa apresentam suas \u00faltimas manifesta\u00e7\u00f5es por escrito. Nos casos em que h\u00e1 colabora\u00e7\u00e3o premiada, a defesa do colaborador deve se manifestar antes dos demais r\u00e9us. A AP 2668 (N\u00facleo 1) j\u00e1 est\u00e1 nessa fase.<\/p>\n<p>Conclu\u00eddas as alega\u00e7\u00f5es, cabe ao relator liberar o processo para julgamento de m\u00e9rito, em data a ser definida, no caso, pelo presidente da Primeira Turma do STF, ministro Cristiano Zanin.<\/p>\n<p>Quem s\u00e3o os r\u00e9us, por n\u00facleo:<\/p>\n<p><strong>N\u00facleo 1 (AP 2668) \u2013 considerado o n\u00facleo central da articula\u00e7\u00e3o do golpe (8 r\u00e9us):<\/strong><\/p>\n<ul class=\"wp-block-list\">\n<li>Alexandre Ramagem (ex-diretor da Abin)<\/li>\n<li>Almir Garnier (ex-comandante da Marinha)<\/li>\n<li>Anderson Torres (ex-ministro da Justi\u00e7a e da Seguran\u00e7a P\u00fablica)<\/li>\n<li>Augusto Heleno (ex-ministro do Gabinete de Seguran\u00e7a Institucional)<\/li>\n<li>Jair Bolsonaro (ex-presidente da Rep\u00fablica)<\/li>\n<li>Mauro Cid (ex-ajudante de ordens do presidente)<\/li>\n<li>Paulo S\u00e9rgio Nogueira (ex-ministro da Defesa)<\/li>\n<li>Walter Braga Netto (ex-ministro da Casa Civil)<\/li>\n<\/ul>\n<p><strong>N\u00facleo 2 (AP 2693) \u2013 acusado de disseminar desinforma\u00e7\u00e3o e ataques a institui\u00e7\u00f5es (6 r\u00e9us):<\/strong><\/p>\n<ul class=\"wp-block-list\">\n<li>Fernando de Sousa Oliveira (delegado da Pol\u00edcia Federal)<\/li>\n<li>Filipe Garcia Martins Pereira (ex-assessor internacional da Presid\u00eancia da Rep\u00fablica)<\/li>\n<li>Marcelo Costa C\u00e2mara (coronel da reserva do Ex\u00e9rcito e ex-assessor da Presid\u00eancia)<\/li>\n<li>Mar\u00edlia Ferreira de Alencar (delegada e ex-diretora de Intelig\u00eancia da Pol\u00edcia Federal)<\/li>\n<li>M\u00e1rio Fernandes (general da reserva do Ex\u00e9rcito)<\/li>\n<li>Silvinei Vasques (ex-diretor-geral da Pol\u00edcia Rodovi\u00e1ria Federal)<\/li>\n<\/ul>\n<p><strong>N\u00facleo 3 (AP 2696) \u2013 ligado a ataques ao sistema eleitoral e \u00e0 prepara\u00e7\u00e3o da ruptura institucional (10 r\u00e9us):<\/strong><\/p>\n<ul class=\"wp-block-list\">\n<li>Bernardo Rom\u00e3o Correa Netto (coronel do Ex\u00e9rcito)<\/li>\n<li>Fabr\u00edcio Moreira de Bastos (coronel do Ex\u00e9rcito)<\/li>\n<li>M\u00e1rcio Nunes de Resende Jr. (coronel do Ex\u00e9rcito)<\/li>\n<li>H\u00e9lio Ferreira Lima (tenente-coronel do Ex\u00e9rcito)<\/li>\n<li>Rafael Martins de Oliveira (tenente-coronel do Ex\u00e9rcito)<\/li>\n<li>Rodrigo Bezerra de Azevedo (tenente-coronel do Ex\u00e9rcito)<\/li>\n<li>Ronald Ferreira de Ara\u00fajo Jr. (tenente-coronel do Ex\u00e9rcito)<\/li>\n<li>S\u00e9rgio Ricardo Cavaliere de Medeiros (tenente-coronel do Ex\u00e9rcito)<\/li>\n<li>Wladimir Matos Soares (agente da Pol\u00edcia Federal)<\/li>\n<li>Estevam Cals Theophilo Gaspar de Oliveira (general da reserva)<\/li>\n<\/ul>\n<p><strong>N\u00facleo 4 (AP 2694) \u2013 tamb\u00e9m acusado de propagar desinforma\u00e7\u00e3o e incitar ataques \u00e0s institui\u00e7\u00f5es (7 r\u00e9us):<\/strong><\/p>\n<ul class=\"wp-block-list\">\n<li>Ailton Moraes Barros (ex-major do Ex\u00e9rcito)<\/li>\n<li>\u00c2ngelo Denicoli (major da reserva do Ex\u00e9rcito)<\/li>\n<li>Giancarlo Rodrigues (subtenente do Ex\u00e9rcito)<\/li>\n<li>Guilherme Almeida (tenente-coronel do Ex\u00e9rcito)<\/li>\n<li>Reginaldo Abreu (coronel do Ex\u00e9rcito)<\/li>\n<li>Marcelo Bormevet (agente da Pol\u00edcia Federal)<\/li>\n<li>Carlos Cesar Moretzsohn Rocha (presidente do Instituto Voto Legal)<\/li>\n<\/ul>\n<p>Todos os r\u00e9us respondem por tentativa de aboli\u00e7\u00e3o violenta do Estado Democr\u00e1tico de Direito, tentativa de golpe de Estado, organiza\u00e7\u00e3o criminosa armada, dano qualificado por viol\u00eancia e grave amea\u00e7a contra o patrim\u00f4nio da Uni\u00e3o, al\u00e9m de deteriora\u00e7\u00e3o de bem tombado.<\/p>\n<p>STF<\/p>\n","protected":false},"excerpt":{"rendered":"<p>O Supremo Tribunal Federal (STF) concluiu, nesta segunda-feira (28), a fase de interrogat\u00f3rio dos 31 r\u00e9us das A\u00e7\u00f5es Penais (APs)\u00a02668,\u00a02693,\u00a02694\u00a0e\u00a02696, que apuram a tentativa de golpe de Estado entre 2022 e 2023. Os \u00faltimos a depor foram os 10 integrantes do N\u00facleo 3 \u2013 nove militares de alta patente e um agente da Pol\u00edcia Federal, &hellip;<\/p>\n","protected":false},"author":1,"featured_media":98393,"comment_status":"open","ping_status":"open","sticky":false,"template":"","format":"standard","meta":{"footnotes":""},"categories":[9],"tags":[],"class_list":["post-135512","post","type-post","status-publish","format-standard","has-post-thumbnail","hentry","category-justica"],"_links":{"self":[{"href":"https:\/\/iparaiba.com.br\/index.php\/wp-json\/wp\/v2\/posts\/135512","targetHints":{"allow":["GET"]}}],"collection":[{"href":"https:\/\/iparaiba.com.br\/index.php\/wp-json\/wp\/v2\/posts"}],"about":[{"href":"https:\/\/iparaiba.com.br\/index.php\/wp-json\/wp\/v2\/types\/post"}],"author":[{"embeddable":true,"href":"https:\/\/iparaiba.com.br\/index.php\/wp-json\/wp\/v2\/users\/1"}],"replies":[{"embeddable":true,"href":"https:\/\/iparaiba.com.br\/index.php\/wp-json\/wp\/v2\/comments?post=135512"}],"version-history":[{"count":1,"href":"https:\/\/iparaiba.com.br\/index.php\/wp-json\/wp\/v2\/posts\/135512\/revisions"}],"predecessor-version":[{"id":135538,"href":"https:\/\/iparaiba.com.br\/index.php\/wp-json\/wp\/v2\/posts\/135512\/revisions\/135538"}],"wp:featuredmedia":[{"embeddable":true,"href":"https:\/\/iparaiba.com.br\/index.php\/wp-json\/wp\/v2\/media\/98393"}],"wp:attachment":[{"href":"https:\/\/iparaiba.com.br\/index.php\/wp-json\/wp\/v2\/media?parent=135512"}],"wp:term":[{"taxonomy":"category","embeddable":true,"href":"https:\/\/iparaiba.com.br\/index.php\/wp-json\/wp\/v2\/categories?post=135512"},{"taxonomy":"post_tag","embeddable":true,"href":"https:\/\/iparaiba.com.br\/index.php\/wp-json\/wp\/v2\/tags?post=135512"}],"curies":[{"name":"wp","href":"https:\/\/api.w.org\/{rel}","templated":true}]}}