{"id":135511,"date":"2025-08-01T08:00:23","date_gmt":"2025-08-01T11:00:23","guid":{"rendered":"https:\/\/onordeste.com.br\/?p=135509"},"modified":"2025-08-01T08:00:23","modified_gmt":"2025-08-01T11:00:23","slug":"governo-fecha-semestre-com-r-56-bilhoes-de-investimentos-em-21-aeroportos","status":"publish","type":"post","link":"https:\/\/iparaiba.com.br\/index.php\/2025\/08\/01\/governo-fecha-semestre-com-r-56-bilhoes-de-investimentos-em-21-aeroportos\/","title":{"rendered":"Governo fecha semestre com R$ 5,6 bilh\u00f5es de investimentos em 21 aeroportos"},"content":{"rendered":"<p>O Minist\u00e9rio de Portos e Aeroportos fechou o primeiro semestre deste ano com R$ 5,6 bilh\u00f5es em an\u00fancios de investimentos e obras de infraestrutura em 21 aeroportos do Pa\u00eds, feitos pelo Governo Federal e pelo setor privado. Os aportes s\u00e3o para amplia\u00e7\u00e3o e moderniza\u00e7\u00e3o de terminais concedidos e sob administra\u00e7\u00e3o estatal, em oito estados de todas as regi\u00f5es do Brasil.<\/p>\n<p>\u201cEssas obras s\u00e3o fundamentais para ampliar aeroportos e expandir a avia\u00e7\u00e3o brasileira, refor\u00e7ando o turismo de neg\u00f3cios e de lazer, especialmente neste momento em que a movimenta\u00e7\u00e3o nos terminais a\u00e9reos tem batido recorde no Brasil\u201d, afirmou o ministro de Portos e Aeroportos, Silvio Costa Filho, ressaltando que avia\u00e7\u00e3o civil brasileira cresceu 10% no primeiro semestre e ultrapassou marca hist\u00f3rica de 61 milh\u00f5es de passageiros transportados.<\/p>\n<p>Os investimentos s\u00e3o em obras de amplia\u00e7\u00e3o e moderniza\u00e7\u00e3o de terminais, constru\u00e7\u00e3o de novas pistas, refor\u00e7o na infraestrutura j\u00e1 existente e medidas de seguran\u00e7a para pousos e decolagens. Tamb\u00e9m est\u00e3o previstas obras de amplia\u00e7\u00e3o, recupera\u00e7\u00e3o e requalifica\u00e7\u00e3o de pistas de pousos e decolagens, taxiway e p\u00e1tio de aeronaves.<\/p>\n","protected":false},"excerpt":{"rendered":"<p>O Minist\u00e9rio de Portos e Aeroportos fechou o primeiro semestre deste ano com R$ 5,6 bilh\u00f5es em an\u00fancios de investimentos e obras de infraestrutura em 21 aeroportos do Pa\u00eds, feitos pelo Governo Federal e pelo setor privado. Os aportes s\u00e3o para amplia\u00e7\u00e3o e moderniza\u00e7\u00e3o de terminais concedidos e sob administra\u00e7\u00e3o estatal, em oito estados de &hellip;<\/p>\n","protected":false},"author":1,"featured_media":102193,"comment_status":"open","ping_status":"open","sticky":false,"template":"","format":"standard","meta":{"footnotes":""},"categories":[18],"tags":[],"class_list":["post-135511","post","type-post","status-publish","format-standard","has-post-thumbnail","hentry","category-brasil"],"_links":{"self":[{"href":"https:\/\/iparaiba.com.br\/index.php\/wp-json\/wp\/v2\/posts\/135511","targetHints":{"allow":["GET"]}}],"collection":[{"href":"https:\/\/iparaiba.com.br\/index.php\/wp-json\/wp\/v2\/posts"}],"about":[{"href":"https:\/\/iparaiba.com.br\/index.php\/wp-json\/wp\/v2\/types\/post"}],"author":[{"embeddable":true,"href":"https:\/\/iparaiba.com.br\/index.php\/wp-json\/wp\/v2\/users\/1"}],"replies":[{"embeddable":true,"href":"https:\/\/iparaiba.com.br\/index.php\/wp-json\/wp\/v2\/comments?post=135511"}],"version-history":[{"count":1,"href":"https:\/\/iparaiba.com.br\/index.php\/wp-json\/wp\/v2\/posts\/135511\/revisions"}],"predecessor-version":[{"id":135537,"href":"https:\/\/iparaiba.com.br\/index.php\/wp-json\/wp\/v2\/posts\/135511\/revisions\/135537"}],"wp:featuredmedia":[{"embeddable":true,"href":"https:\/\/iparaiba.com.br\/index.php\/wp-json\/wp\/v2\/media\/102193"}],"wp:attachment":[{"href":"https:\/\/iparaiba.com.br\/index.php\/wp-json\/wp\/v2\/media?parent=135511"}],"wp:term":[{"taxonomy":"category","embeddable":true,"href":"https:\/\/iparaiba.com.br\/index.php\/wp-json\/wp\/v2\/categories?post=135511"},{"taxonomy":"post_tag","embeddable":true,"href":"https:\/\/iparaiba.com.br\/index.php\/wp-json\/wp\/v2\/tags?post=135511"}],"curies":[{"name":"wp","href":"https:\/\/api.w.org\/{rel}","templated":true}]}}