{"id":135502,"date":"2025-07-30T19:33:00","date_gmt":"2025-07-30T22:33:00","guid":{"rendered":"https:\/\/onordeste.com.br\/?p=135490"},"modified":"2025-07-30T19:33:00","modified_gmt":"2025-07-30T22:33:00","slug":"haddad-diz-que-pode-haver-conversa-entre-lula-e-trump-sobre-tarifas","status":"publish","type":"post","link":"https:\/\/iparaiba.com.br\/index.php\/2025\/07\/30\/haddad-diz-que-pode-haver-conversa-entre-lula-e-trump-sobre-tarifas\/","title":{"rendered":"Haddad diz que pode haver conversa entre Lula e Trump sobre tarifas"},"content":{"rendered":"<p>O ministro da Fazenda, Fernando Haddad, afirmou, nesta ter\u00e7a-feira (29), em Bras\u00edlia, que pode haver uma conversa entre os presidentes Luiz In\u00e1cio Lula da Silva e Donald Trump para tratar das tarifas impostas pelos Estados Unidos aos produtos brasileiros exportados para aquele pa\u00eds.<\/p>\n<p>Segundo Haddad, n\u00e3o h\u00e1 obstru\u00e7\u00e3o dos canais de di\u00e1logo entre os negociadores das duas na\u00e7\u00f5es, entretanto, esse contato direto entre os chefes de Estado exige uma prepara\u00e7\u00e3o protocolar m\u00ednima.<\/p>\n<p>\u201c\u00c9 papel nosso, dos ministros, justamente azeitar os canais para que a conversa, quando ocorrer, seja a mais dignificante e edificante poss\u00edvel\u201d, disse Haddad sobre o trabalho que vem sendo feito por ele; pelo ministro das Rela\u00e7\u00f5es Exteriores, Mauro Vieira, que est\u00e1 nos Estados Unidos; e pelo vice-presidente e ministro do Desenvolvimento, Ind\u00fastria, Com\u00e9rcio e Servi\u00e7os, Geraldo Alckmin, que tamb\u00e9m vem dialogando com o setor produtivo.<\/p>\n<p>\u201cTem que haver uma prepara\u00e7\u00e3o antes para que seja uma coisa respeitosa, para que os dois povos se sintam valorizados \u00e0 mesa de negocia\u00e7\u00e3o, n\u00e3o haja um sentimento de viralatismo, de subordina\u00e7\u00e3o\u201d, acrescentou, ao criticar as press\u00f5es da oposi\u00e7\u00e3o para que haja pressa nas decis\u00f5es.<\/p>\n<p>\u201c[Temos que] virar um pouquinho a p\u00e1gina da subservi\u00eancia e, com muita humildade, nos colocar \u00e0 mesa, mas respeitando os valores do nosso pa\u00eds\u201d, disse o ministro em conversa com jornalistas no Minist\u00e9rio da Fazenda.<\/p>\n<p>Um grupo de oito senadores brasileiros tamb\u00e9m est\u00e1 em Washington, capital do pa\u00eds norte-americano, para tentar abrir um canal de di\u00e1logo com congressistas estadunidenses e discutir solu\u00e7\u00f5es para o tarifa\u00e7o.<\/p>\n<p>No \u00faltimo dia 9 de julho, o presidente dos Estados Unidos enviou uma carta a Lula anunciando a imposi\u00e7\u00e3o da tarifa de 50% sobre todos os produtos brasileiros a partir do dia 1\u00ba de agosto.<\/p>\n<p>Ag\u00eancia Brasil<\/p>\n","protected":false},"excerpt":{"rendered":"<p>O ministro da Fazenda, Fernando Haddad, afirmou, nesta ter\u00e7a-feira (29), em Bras\u00edlia, que pode haver uma conversa entre os presidentes Luiz In\u00e1cio Lula da Silva e Donald Trump para tratar das tarifas impostas pelos Estados Unidos aos produtos brasileiros exportados para aquele pa\u00eds. Segundo Haddad, n\u00e3o h\u00e1 obstru\u00e7\u00e3o dos canais de di\u00e1logo entre os negociadores &hellip;<\/p>\n","protected":false},"author":1,"featured_media":97620,"comment_status":"open","ping_status":"open","sticky":false,"template":"","format":"standard","meta":{"footnotes":""},"categories":[10],"tags":[],"class_list":["post-135502","post","type-post","status-publish","format-standard","has-post-thumbnail","hentry","category-manchetes"],"_links":{"self":[{"href":"https:\/\/iparaiba.com.br\/index.php\/wp-json\/wp\/v2\/posts\/135502","targetHints":{"allow":["GET"]}}],"collection":[{"href":"https:\/\/iparaiba.com.br\/index.php\/wp-json\/wp\/v2\/posts"}],"about":[{"href":"https:\/\/iparaiba.com.br\/index.php\/wp-json\/wp\/v2\/types\/post"}],"author":[{"embeddable":true,"href":"https:\/\/iparaiba.com.br\/index.php\/wp-json\/wp\/v2\/users\/1"}],"replies":[{"embeddable":true,"href":"https:\/\/iparaiba.com.br\/index.php\/wp-json\/wp\/v2\/comments?post=135502"}],"version-history":[{"count":1,"href":"https:\/\/iparaiba.com.br\/index.php\/wp-json\/wp\/v2\/posts\/135502\/revisions"}],"predecessor-version":[{"id":135528,"href":"https:\/\/iparaiba.com.br\/index.php\/wp-json\/wp\/v2\/posts\/135502\/revisions\/135528"}],"wp:featuredmedia":[{"embeddable":true,"href":"https:\/\/iparaiba.com.br\/index.php\/wp-json\/wp\/v2\/media\/97620"}],"wp:attachment":[{"href":"https:\/\/iparaiba.com.br\/index.php\/wp-json\/wp\/v2\/media?parent=135502"}],"wp:term":[{"taxonomy":"category","embeddable":true,"href":"https:\/\/iparaiba.com.br\/index.php\/wp-json\/wp\/v2\/categories?post=135502"},{"taxonomy":"post_tag","embeddable":true,"href":"https:\/\/iparaiba.com.br\/index.php\/wp-json\/wp\/v2\/tags?post=135502"}],"curies":[{"name":"wp","href":"https:\/\/api.w.org\/{rel}","templated":true}]}}