{"id":135501,"date":"2025-07-30T17:30:52","date_gmt":"2025-07-30T20:30:52","guid":{"rendered":"https:\/\/onordeste.com.br\/?p=135488"},"modified":"2025-07-30T17:30:52","modified_gmt":"2025-07-30T20:30:52","slug":"prefeitura-abre-144-vagas-para-cursos-gratuitos","status":"publish","type":"post","link":"https:\/\/iparaiba.com.br\/index.php\/2025\/07\/30\/prefeitura-abre-144-vagas-para-cursos-gratuitos\/","title":{"rendered":"Prefeitura abre 144 vagas para cursos gratuitos"},"content":{"rendered":"<p>A Prefeitura de Campina Grande, por meio da Secretaria de Educa\u00e7\u00e3o (Seduc), abre nesta quarta-feira, 30 de julho, 144 novas vagas para seis cursos de tecnologia. As matr\u00edculas, realizadas at\u00e9 o preenchimento das vagas, dever\u00e3o ser realizadas no N\u00facleo de Tecnologia Municipal (NTM), localizado na avenida Santa Clara, s\/n, centro, no mesmo pr\u00e9dio do Sine Municipal, ao lado do Parque Evaldo Cruz.<\/p>\n<p>O objetivo dos cursos \u00e9 auxiliar a popula\u00e7\u00e3o, sejam idosos, adultos ou adolescentes, em processos b\u00e1sicos da inform\u00e1tica. Al\u00e9m disso, a proposta \u00e9 que os participantes dos cursos passem pelo processo de qualifica\u00e7\u00e3o profissional para o mercado de trabalho.<\/p>\n<p>O conte\u00fado das aulas ser\u00e1 focado no desenvolvimento de conhecimentos b\u00e1sicos de inform\u00e1tica. Para isso, ser\u00e3o realizadas atividades com foco na rela\u00e7\u00e3o dos alunos com a tecnologia e com as habilidades digitais.<\/p>\n<p><strong>Cursos e aulas<\/strong><br \/>\nAs vagas est\u00e3o divididas nos seguintes cursos: smartphone e inform\u00e1tica b\u00e1sica para a terceira idade; Marketing Digital; Web designer e programa\u00e7\u00e3o WEB Inform\u00e1tica B\u00e1sica para jovens e adultos; Inform\u00e1tica Intermedi\u00e1ria para jovens e adultos; e Inform\u00e1tica Avan\u00e7ada para jovens e adultos. S\u00e3o 16 vagas para cada curso.<\/p>\n<p>As inscri\u00e7\u00f5es ser\u00e3o mantidas at\u00e9 as vagas serem preenchidas e as aulas ter\u00e3o in\u00edcio no dia 11 de agosto, das 8h \u00e0s 10h30 (turno da manh\u00e3) e das 13h30 \u00e0s 16h (turno da tarde). Para a realiza\u00e7\u00e3o da matr\u00edcula \u00e9 necess\u00e1rio apresentar os seguintes documentos: documento oficial com foto e o comprovante de resid\u00eancia.<\/p>\n","protected":false},"excerpt":{"rendered":"<p>A Prefeitura de Campina Grande, por meio da Secretaria de Educa\u00e7\u00e3o (Seduc), abre nesta quarta-feira, 30 de julho, 144 novas vagas para seis cursos de tecnologia. As matr\u00edculas, realizadas at\u00e9 o preenchimento das vagas, dever\u00e3o ser realizadas no N\u00facleo de Tecnologia Municipal (NTM), localizado na avenida Santa Clara, s\/n, centro, no mesmo pr\u00e9dio do Sine &hellip;<\/p>\n","protected":false},"author":1,"featured_media":99926,"comment_status":"open","ping_status":"open","sticky":false,"template":"","format":"standard","meta":{"footnotes":""},"categories":[11],"tags":[],"class_list":["post-135501","post","type-post","status-publish","format-standard","has-post-thumbnail","hentry","category-educacao"],"_links":{"self":[{"href":"https:\/\/iparaiba.com.br\/index.php\/wp-json\/wp\/v2\/posts\/135501","targetHints":{"allow":["GET"]}}],"collection":[{"href":"https:\/\/iparaiba.com.br\/index.php\/wp-json\/wp\/v2\/posts"}],"about":[{"href":"https:\/\/iparaiba.com.br\/index.php\/wp-json\/wp\/v2\/types\/post"}],"author":[{"embeddable":true,"href":"https:\/\/iparaiba.com.br\/index.php\/wp-json\/wp\/v2\/users\/1"}],"replies":[{"embeddable":true,"href":"https:\/\/iparaiba.com.br\/index.php\/wp-json\/wp\/v2\/comments?post=135501"}],"version-history":[{"count":1,"href":"https:\/\/iparaiba.com.br\/index.php\/wp-json\/wp\/v2\/posts\/135501\/revisions"}],"predecessor-version":[{"id":135527,"href":"https:\/\/iparaiba.com.br\/index.php\/wp-json\/wp\/v2\/posts\/135501\/revisions\/135527"}],"wp:featuredmedia":[{"embeddable":true,"href":"https:\/\/iparaiba.com.br\/index.php\/wp-json\/wp\/v2\/media\/99926"}],"wp:attachment":[{"href":"https:\/\/iparaiba.com.br\/index.php\/wp-json\/wp\/v2\/media?parent=135501"}],"wp:term":[{"taxonomy":"category","embeddable":true,"href":"https:\/\/iparaiba.com.br\/index.php\/wp-json\/wp\/v2\/categories?post=135501"},{"taxonomy":"post_tag","embeddable":true,"href":"https:\/\/iparaiba.com.br\/index.php\/wp-json\/wp\/v2\/tags?post=135501"}],"curies":[{"name":"wp","href":"https:\/\/api.w.org\/{rel}","templated":true}]}}