{"id":135500,"date":"2025-07-30T15:00:40","date_gmt":"2025-07-30T18:00:40","guid":{"rendered":"https:\/\/onordeste.com.br\/?p=135486"},"modified":"2025-07-30T15:00:40","modified_gmt":"2025-07-30T18:00:40","slug":"prefeitura-implanta-ensino-de-robotica","status":"publish","type":"post","link":"https:\/\/iparaiba.com.br\/index.php\/2025\/07\/30\/prefeitura-implanta-ensino-de-robotica\/","title":{"rendered":"Prefeitura implanta ensino de rob\u00f3tica"},"content":{"rendered":"<p>A Prefeitura Municipal de Bayeux, atrav\u00e9s da Secretaria Municipal de Educa\u00e7\u00e3o, lan\u00e7a nesta ter\u00e7a-feira (22), a plataforma educacional Despertar Jovens G\u00eanios e do projeto de Rob\u00f3tica Educacional Inclusiva, em parceria com o Instituto de Tecnologia Educacional (ITED). O evento ocorre no gin\u00e1sio do S\u00e3o Bento a partir das 13h.<\/p>\n<p>A iniciativa marca o in\u00edcio de uma nova fase na educa\u00e7\u00e3o do munic\u00edpio, com foco na inova\u00e7\u00e3o, interatividade e inclus\u00e3o. A plataforma Despertar Jovens G\u00eanios ser\u00e1 implementada nas turmas do 5\u00ba e 9\u00ba ano de todas as escolas da Rede Municipal de Ensino, impactando inicialmente 1.252 estudantes. J\u00e1 como atividade diversificada, o projeto ser\u00e1 implantado nas Escolas Municipais de Tempo Integral e em outras dez unidades regulares, alcan\u00e7ando 2.796 alunos nesta primeira etapa.<\/p>\n<p>O evento tamb\u00e9m marcar\u00e1 o lan\u00e7amento do projeto de Rob\u00f3tica Educacional Inclusiva, que une tecnologia, aprendizagem criativa e acessibilidade para despertar o interesse dos estudantes por ci\u00eancia, tecnologia, engenharia e matem\u00e1tica (STEM), promovendo o desenvolvimento de habilidades como criatividade, pensamento l\u00f3gico e trabalho em equipe.<\/p>\n<p>Escolas participantes nesta primeira fase:<br \/>\nEMEF Joaquim Lafayette, EMEF Luciano Ribeiro de Morais, EMEF Tancredo Neves, EMEF Fernando Cunha Lima, EMEF Petr\u00f4nio de Figueiredo, EMEF Dr. Moacir Dantas, EMEF Jo\u00e3o Belmiro, EMEF Berenice Ribeiro, EMEF Joana Fortunato e EMEF Maria do Carmo da Silveira.<\/p>\n","protected":false},"excerpt":{"rendered":"<p>A Prefeitura Municipal de Bayeux, atrav\u00e9s da Secretaria Municipal de Educa\u00e7\u00e3o, lan\u00e7a nesta ter\u00e7a-feira (22), a plataforma educacional Despertar Jovens G\u00eanios e do projeto de Rob\u00f3tica Educacional Inclusiva, em parceria com o Instituto de Tecnologia Educacional (ITED). O evento ocorre no gin\u00e1sio do S\u00e3o Bento a partir das 13h. A iniciativa marca o in\u00edcio de &hellip;<\/p>\n","protected":false},"author":1,"featured_media":97646,"comment_status":"open","ping_status":"open","sticky":false,"template":"","format":"standard","meta":{"footnotes":""},"categories":[11],"tags":[],"class_list":["post-135500","post","type-post","status-publish","format-standard","has-post-thumbnail","hentry","category-educacao"],"_links":{"self":[{"href":"https:\/\/iparaiba.com.br\/index.php\/wp-json\/wp\/v2\/posts\/135500","targetHints":{"allow":["GET"]}}],"collection":[{"href":"https:\/\/iparaiba.com.br\/index.php\/wp-json\/wp\/v2\/posts"}],"about":[{"href":"https:\/\/iparaiba.com.br\/index.php\/wp-json\/wp\/v2\/types\/post"}],"author":[{"embeddable":true,"href":"https:\/\/iparaiba.com.br\/index.php\/wp-json\/wp\/v2\/users\/1"}],"replies":[{"embeddable":true,"href":"https:\/\/iparaiba.com.br\/index.php\/wp-json\/wp\/v2\/comments?post=135500"}],"version-history":[{"count":1,"href":"https:\/\/iparaiba.com.br\/index.php\/wp-json\/wp\/v2\/posts\/135500\/revisions"}],"predecessor-version":[{"id":135526,"href":"https:\/\/iparaiba.com.br\/index.php\/wp-json\/wp\/v2\/posts\/135500\/revisions\/135526"}],"wp:featuredmedia":[{"embeddable":true,"href":"https:\/\/iparaiba.com.br\/index.php\/wp-json\/wp\/v2\/media\/97646"}],"wp:attachment":[{"href":"https:\/\/iparaiba.com.br\/index.php\/wp-json\/wp\/v2\/media?parent=135500"}],"wp:term":[{"taxonomy":"category","embeddable":true,"href":"https:\/\/iparaiba.com.br\/index.php\/wp-json\/wp\/v2\/categories?post=135500"},{"taxonomy":"post_tag","embeddable":true,"href":"https:\/\/iparaiba.com.br\/index.php\/wp-json\/wp\/v2\/tags?post=135500"}],"curies":[{"name":"wp","href":"https:\/\/api.w.org\/{rel}","templated":true}]}}